{"id":9181,"date":"2025-08-26T05:59:44","date_gmt":"2025-08-26T05:59:44","guid":{"rendered":"https:\/\/www.elregional.cl\/?p=9181"},"modified":"2025-08-26T05:59:44","modified_gmt":"2025-08-26T05:59:44","slug":"os7-limari-desarticula-organizacion-narco-trasladaban-mas-de-800-millones-en-cocaina-y-pasta-base-por-la-ruta-5","status":"publish","type":"post","link":"https:\/\/www.elregional.cl\/?p=9181","title":{"rendered":"OS7 Limar\u00ed desarticula organizaci\u00f3n narco: trasladaban m\u00e1s de $800 millones en coca\u00edna y pasta base por la Ruta 5"},"content":{"rendered":"<div class=\"td-menu-background\"><\/div>\n<div id=\"td-outer-wrap\">\n<div class=\"td-container\">\n<article id=\"post-53085\" class=\"post-53085 post type-post status-publish format-standard hentry category-destacados\">\n<div class=\"td-post-content\">\n<div class=\"td-post-sharing td-post-sharing-top\">\n<div class=\"td-default-sharing\"><i class=\"td-icon-facebook\"><\/i>\u00a0<i class=\"td-icon-twitter\"><\/i>\u00a0<i class=\"td-icon-googleplus\"><\/i>\u00a0<i class=\"td-icon-pinterest\"><\/i>\u00a0<i class=\"td-icon-whatsapp\"><\/i><\/div>\n<\/div>\n<p><em><strong>En un operativo digno de pel\u00edcula, los carabineros antidrogas del OS7 Limar\u00ed detuvieron a tres personas y decomisaron casi cien kilos de droga, entre pasta base y coca\u00edna. El escenario fue la Ruta 5 en direcci\u00f3n al sur, cuando a la altura de Los Vilos, lo que comenz\u00f3 como una aparente fiscalizaci\u00f3n vehicular se transform\u00f3 en un despliegue de inteligencia e investigaci\u00f3n que concluy\u00f3 en pleno Santiago centro.<\/strong><\/em><\/p>\n<p>\u201cCuando hablamos de colocar todos nuestros recursos a disposici\u00f3n del combate al crimen organizado y el narcotr\u00e1fico, a esto es a lo que nos referimos. Investigaci\u00f3n, inteligencia, planificaci\u00f3n, despliegue y apoyos log\u00edsticos que se conjugaron en un gran operativo interregional a trav\u00e9s del cual logramos detener a tres personas, desarticular una organizaci\u00f3n criminal e intervenir la comercializaci\u00f3n de casi novecientos millones de pesos en drogas duras, como lo son la pasta base y la coca\u00edna, evitando que estas sustancias llegaran a los barrios de nuestro pa\u00eds\u201d, explic\u00f3 el Jefe de Zona de Carabineros Coquimbo, General Juan Mu\u00f1oz.<\/p>\n<p>Era pasado mediod\u00eda del jueves, cuando los carabineros especializados del OS7 Limar\u00ed comenzaron a concretar los resultados de una rigurosa investigaci\u00f3n, a trav\u00e9s de lo que parec\u00eda una fiscalizaci\u00f3n vehicular aleatoria a la altura de Los Vilos. Sin embargo, todo era parte de una estrategia que contemplaba el control de una gr\u00faa que, sab\u00edan, pasar\u00eda por la ruta 5 hacia el sur. A bordo, dos individuos, una station wagon y noventa paquetes contenedores de droga que fueron r\u00e1pidamente identificados por Kairo, pastor belga que desde este a\u00f1o refuerza a trav\u00e9s de su olfato el despliegue del OS7 en terreno.<\/p>\n<p>Con la detenci\u00f3n de los sujetos a bordo, comenz\u00f3 la segunda parte de la estrategia. Luz verde por parte del Ministerio P\u00fablico, una entrega controlada y el uso de agentes encubiertos que trasladaron la droga hasta la comuna de Santiago, entre otras t\u00e9cnicas investigativas, permitieron detener a un tercer miembro de la organizaci\u00f3n narco y receptor de las sustancias en la regi\u00f3n metropolitana: un boliviano de 42 a\u00f1os con situaci\u00f3n migratoria irregular y quien se sum\u00f3 a los dos chilenos aprehendidos en la carretera y quienes adem\u00e1s, acumulan reiteraciones por delitos como tr\u00e1fico de drogas, apremios ileg\u00edtimos, lesiones menos graves y conducci\u00f3n en estado de ebriedad.<\/p>\n<p>\u201cEste operativo representa un gran golpe al narcotr\u00e1fico, y refleja un excelente trabajo de Carabineros. La seguridad y la lucha contra el crimen organizado son una prioridad para nuestro gobierno y en ese sentido, destacamos como un tremendo logro el poder seguir combatiendo el delito y persiguiendo a los delincuentes, para entregar tranquilidad a la comunidad. Es importante que quienes delinquen sepan que Carabineros de Chile est\u00e1 permanentemente en terreno, trabajando a trav\u00e9s de la fiscalizaci\u00f3n, la intervenci\u00f3n y la inteligencia para combatirlos\u201d, explic\u00f3 el seremi de Seguridad P\u00fablica, Adio Gonz\u00e1lez.<\/p>\n<p>Como resultado del trabajo policial, los sujetos fueron sometidos al control de detenci\u00f3n y formalizaci\u00f3n de la investigaci\u00f3n por parte de la Fiscal\u00eda local de Los Vilos.<\/p>\n<p>La fiscal jefa de la comuna, Lady Dubo, inform\u00f3 que \u201cel OS7 logr\u00f3 detectar este cargamento y como fiscal\u00eda se dispuso su entrega controlada para detectar a los receptores. Dos de los 3 sujetos quedaron en prisi\u00f3n preventiva por la causal de peligro para la seguridad de la sociedad \u201c, inform\u00f3.<\/p>\n<p>Tras la formalizaci\u00f3n, el Juzgado de Garant\u00eda concedi\u00f3 un plazo de 90 d\u00edas para terminar la investigaci\u00f3n.<\/p>\n<p>En cuanto al decomiso, se contabilizaron 22 kilos 735 gramos de clorhidrato de coca\u00edna, 70 kilos 335 gramos de pasta base y dinero en efectivo chileno y boliviano.<\/p>\n<p>DavidNoticias.cl<\/p>\n<\/div>\n<footer>\n<div class=\"td-post-source-tags\"><\/div>\n<div class=\"td-post-sharing td-post-sharing-bottom\">\n<div class=\"td-default-sharing\"><i class=\"td-icon-facebook\"><\/i>\u00a0<i class=\"td-icon-twitter\"><\/i>\u00a0<i class=\"td-icon-googleplus\"><\/i>\u00a0<i class=\"td-icon-pinterest\"><\/i>\u00a0<i class=\"td-icon-whatsapp\"><\/i><\/div>\n<\/div>\n<div class=\"td-block-row td-post-next-prev\">\n<div class=\"td-block-span6 td-post-prev-post\">\n<div class=\"td-post-next-prev-content\"><\/div>\n<\/div>\n<\/div>\n<\/footer>\n<\/article>\n<\/div>\n<\/div>\n","protected":false},"excerpt":{"rendered":"<p>\u00a0\u00a0\u00a0\u00a0 En un operativo digno de pel\u00edcula, los carabineros antidrogas del OS7 Limar\u00ed detuvieron a tres personas y decomisaron casi cien kilos de droga, entre pasta base y coca\u00edna. El escenario fue la Ruta 5 en direcci\u00f3n al sur, cuando a la altura de Los Vilos, lo que comenz\u00f3 como una aparente fiscalizaci\u00f3n vehicular se &hellip;<\/p>\n","protected":false},"author":2,"featured_media":9182,"comment_status":"closed","ping_status":"closed","sticky":false,"template":"","format":"standard","meta":{"footnotes":""},"categories":[2],"tags":[],"class_list":["post-9181","post","type-post","status-publish","format-standard","has-post-thumbnail","hentry","category-regionales"],"_links":{"self":[{"href":"https:\/\/www.elregional.cl\/index.php?rest_route=\/wp\/v2\/posts\/9181","targetHints":{"allow":["GET"]}}],"collection":[{"href":"https:\/\/www.elregional.cl\/index.php?rest_route=\/wp\/v2\/posts"}],"about":[{"href":"https:\/\/www.elregional.cl\/index.php?rest_route=\/wp\/v2\/types\/post"}],"author":[{"embeddable":true,"href":"https:\/\/www.elregional.cl\/index.php?rest_route=\/wp\/v2\/users\/2"}],"replies":[{"embeddable":true,"href":"https:\/\/www.elregional.cl\/index.php?rest_route=%2Fwp%2Fv2%2Fcomments&post=9181"}],"version-history":[{"count":1,"href":"https:\/\/www.elregional.cl\/index.php?rest_route=\/wp\/v2\/posts\/9181\/revisions"}],"predecessor-version":[{"id":9183,"href":"https:\/\/www.elregional.cl\/index.php?rest_route=\/wp\/v2\/posts\/9181\/revisions\/9183"}],"wp:featuredmedia":[{"embeddable":true,"href":"https:\/\/www.elregional.cl\/index.php?rest_route=\/wp\/v2\/media\/9182"}],"wp:attachment":[{"href":"https:\/\/www.elregional.cl\/index.php?rest_route=%2Fwp%2Fv2%2Fmedia&parent=9181"}],"wp:term":[{"taxonomy":"category","embeddable":true,"href":"https:\/\/www.elregional.cl\/index.php?rest_route=%2Fwp%2Fv2%2Fcategories&post=9181"},{"taxonomy":"post_tag","embeddable":true,"href":"https:\/\/www.elregional.cl\/index.php?rest_route=%2Fwp%2Fv2%2Ftags&post=9181"}],"curies":[{"name":"wp","href":"https:\/\/api.w.org\/{rel}","templated":true}]}}