{"id":9231,"date":"2025-08-28T17:47:46","date_gmt":"2025-08-28T17:47:46","guid":{"rendered":"https:\/\/www.elregional.cl\/?p=9231"},"modified":"2025-08-28T17:47:46","modified_gmt":"2025-08-28T17:47:46","slug":"municipalidad-de-canela-proyecta-nuevas-obras-de-infraestructura-gracias-a-novedosa-alianza-publico-privada","status":"publish","type":"post","link":"https:\/\/www.elregional.cl\/?p=9231","title":{"rendered":"Municipalidad de Canela proyecta nuevas obras de infraestructura gracias a novedosa alianza p\u00fablico-privada"},"content":{"rendered":"<div id=\"td-mobile-nav\">\n<div class=\"td-mobile-container\">\n<div class=\"td-menu-socials-wrap\">\n<div class=\"td-mobile-close\"><\/div>\n<\/div>\n<\/div>\n<\/div>\n<div id=\"td-outer-wrap\" class=\"td-theme-wrap\">\n<div id=\"tdb-autoload-article\" data-autoload=\"on\" data-autoload-org-post-id=\"119754\" data-autoload-tpl-id=\"85957\" data-autoload-type=\"\" data-autoload-count=\"5\" data-autoload-scroll-percent=\"20\">\n<div class=\"td-main-content-wrap td-container-wrap\">\n<div class=\"tdc-content-wrap tdb-autoload-wrap\">\n<article id=\"template-id-85957\" class=\"post-85957 tdb_templates type-tdb_templates status-publish post\" data-post-url=\"https:\/\/ovallehoy.cl\/canela-proyecta-nuevas-obras-de-infraestructura-gracias-a-novedosa-alianza-publico-privada\/\" data-post-edit-url=\"\" data-post-title=\"Canela proyecta nuevas obras de infraestructura gracias a novedosa alianza p\u00fablico-privada\">\n<div id=\"tdi_36\" class=\"tdc-zone\">\n<div class=\"tdc_zone tdi_37  wpb_row td-pb-row\">\n<div id=\"tdi_43\" class=\"tdc-row\">\n<div class=\"vc_row tdi_44 td-ss-row wpb_row td-pb-row\">\n<div class=\"vc_column tdi_46  wpb_column vc_column_container tdc-column td-pb-span12\">\n<div class=\"wpb_wrapper\">\n<div class=\"td_block_wrap tdb_single_featured_image tdi_54 tdb-content-horiz-left td-pb-border-top td_block_template_1\" data-td-block-uid=\"tdi_54\"><strong><em>Con el objetivo de fortalecer la colaboraci\u00f3n intersectorial en beneficio de la comuna, la Mesa por el Desarrollo Local de Canela realiz\u00f3 su primera sesi\u00f3n del a\u00f1o en el auditorio de la municipalidad. En la jornada se destacaron avances de iniciativas en curso, como los dise\u00f1os de mejoramiento del espacio p\u00fablico en Villa Vista Hermosa (Huentelauqu\u00e9n Norte) y del acceso poniente a Canela Baja.<\/em><\/strong><\/div>\n<div class=\"td_block_wrap tdb_single_content tdi_55 td-pb-border-top td_block_template_1 td-post-content tagdiv-type\" data-td-block-uid=\"tdi_55\">\n<div class=\"tdb-block-inner td-fix-index\">\n<p>Con la participaci\u00f3n del municipio, empresas y organizaciones de la sociedad civil, la Mesa por el Desarrollo Local de Canela efectu\u00f3 su primera sesi\u00f3n del 2025, consolidando una alianza p\u00fablico-privada que ya muestra resultados concretos y proyecciones para los pr\u00f3ximos dos a\u00f1os.<\/p>\n<p>Esta instancia es liderada por el municipio \u2014representado por su alcalde, Waldo Contreras, y su equipo t\u00e9cnico\u2014 y re\u00fane a Colb\u00fan, Fundaci\u00f3n Olivo y Fundaci\u00f3n Huella Local. Pero en esta jornada inicial tambi\u00e9n participaron representantes de la empresa Sacyr y de la C\u00e1mara de Comercio de Canela.<\/p>\n<p>El objetivo principal de esta experiencia colaborativa es impulsar proyectos de infraestructura p\u00fablica y equipamientos altamente demandados por la comunidad canelina. Para ello, entidades privadas financiar\u00e1n el dise\u00f1o de las iniciativas priorizadas por el municipio, en un trabajo que ser\u00e1 realizado por profesionales de Huella Local (organizaci\u00f3n con experiencia en m\u00e1s de 50 comunas de Chile en proyectos de este tipo).<\/p>\n<p>En esta etapa, adem\u00e1s, se consideran instancias de participaci\u00f3n ciudadana \u2014para asegurar la pertinencia y sostenibilidad de las futuras obras\u2014 y diversas evaluaciones t\u00e9cnicas para obtener la aprobaci\u00f3n de los servicios correspondientes. Una vez concretadas estas fases, cada proyecto dise\u00f1ado ser\u00e1 postulado a diversos fondos p\u00fablicos (seg\u00fan su tipolog\u00eda y montos de financiamiento) para concretar su ejecuci\u00f3n.<\/p>\n<figure class=\"wp-block-image size-large\"><a class=\"td-modal-image\" href=\"https:\/\/ovallehoy.cl\/wp-content\/uploads\/2025\/08\/Canela-1.jpg\"><img loading=\"lazy\" decoding=\"async\" class=\"wp-image-119758 td-animation-stack-type0-2\" src=\"https:\/\/ovallehoy.cl\/wp-content\/uploads\/2025\/08\/Canela-1-1024x576.jpg\" sizes=\"auto, (max-width: 1024px) 100vw, 1024px\" srcset=\"https:\/\/ovallehoy.cl\/wp-content\/uploads\/2025\/08\/Canela-1-1024x576.jpg 1024w, https:\/\/ovallehoy.cl\/wp-content\/uploads\/2025\/08\/Canela-1-300x169.jpg 300w, https:\/\/ovallehoy.cl\/wp-content\/uploads\/2025\/08\/Canela-1-768x432.jpg 768w, https:\/\/ovallehoy.cl\/wp-content\/uploads\/2025\/08\/Canela-1-746x420.jpg 746w, https:\/\/ovallehoy.cl\/wp-content\/uploads\/2025\/08\/Canela-1-150x84.jpg 150w, https:\/\/ovallehoy.cl\/wp-content\/uploads\/2025\/08\/Canela-1-696x392.jpg 696w, https:\/\/ovallehoy.cl\/wp-content\/uploads\/2025\/08\/Canela-1-1068x601.jpg 1068w, https:\/\/ovallehoy.cl\/wp-content\/uploads\/2025\/08\/Canela-1.jpg 1080w\" alt=\"\" width=\"1024\" height=\"576\" \/><\/a><\/figure>\n<p><strong>Positivo balance<\/strong><\/p>\n<p>En esta primera sesi\u00f3n, realizada en el auditorio municipal, se presentaron avances en dos iniciativas actualmente en dise\u00f1o: el mejoramiento del espacio p\u00fablico en Villa Vista Hermosa, (en Huentelauqu\u00e9n Norte) \u2014que se encuentra en etapa de subsanaci\u00f3n de observaciones realizadas por la Subdere\u2014 y el mejoramiento del acceso poniente a Canela Baja, que reci\u00e9n inicia su etapa de dise\u00f1o.<\/p>\n<p>\u201cComo alcalde, quiero agradecer el trabajo de esta alianza, que nos apoya en el desarrollo de proyector muy significativos y necesarios para nuestra comuna. Estamos felices, ya que no s\u00f3lo pudimos conocer avances de las iniciativas que est\u00e1n en curso, sino que tambi\u00e9n pudimos proyectar otras iniciativas anheladas y de alto impacto para nuestra comunidad\u201d, indic\u00f3 el alcalde de Canela, Waldo Contreras.<\/p>\n<p>Por su parte, Gonzalo Palacios, jefe de comunidades centrales zona centro-norte de Colb\u00fan, precis\u00f3 que \u201cestamos contentos de sumarnos como compa\u00f1\u00eda a esta instancia de articulaci\u00f3n p\u00fablico-privada, encabezada por el municipio de Canela, donde el foco es contribuir al desarrollo social a nivel local. Sin duda que aunar esfuerzos es el mejor camino para avanzar hacia una gesti\u00f3n integrada del territorio\u201d.<\/p>\n<\/div>\n<\/div>\n<\/div>\n<\/div>\n<\/div>\n<\/div>\n<\/div>\n<\/div>\n<\/article>\n<\/div>\n<\/div>\n<\/div>\n<\/div>\n","protected":false},"excerpt":{"rendered":"<p>Con el objetivo de fortalecer la colaboraci\u00f3n intersectorial en beneficio de la comuna, la Mesa por el Desarrollo Local de Canela realiz\u00f3 su primera sesi\u00f3n del a\u00f1o en el auditorio de la municipalidad. En la jornada se destacaron avances de iniciativas en curso, como los dise\u00f1os de mejoramiento del espacio p\u00fablico en Villa Vista Hermosa &hellip;<\/p>\n","protected":false},"author":2,"featured_media":9232,"comment_status":"closed","ping_status":"closed","sticky":false,"template":"","format":"standard","meta":{"footnotes":""},"categories":[2],"tags":[],"class_list":["post-9231","post","type-post","status-publish","format-standard","has-post-thumbnail","hentry","category-regionales"],"_links":{"self":[{"href":"https:\/\/www.elregional.cl\/index.php?rest_route=\/wp\/v2\/posts\/9231","targetHints":{"allow":["GET"]}}],"collection":[{"href":"https:\/\/www.elregional.cl\/index.php?rest_route=\/wp\/v2\/posts"}],"about":[{"href":"https:\/\/www.elregional.cl\/index.php?rest_route=\/wp\/v2\/types\/post"}],"author":[{"embeddable":true,"href":"https:\/\/www.elregional.cl\/index.php?rest_route=\/wp\/v2\/users\/2"}],"replies":[{"embeddable":true,"href":"https:\/\/www.elregional.cl\/index.php?rest_route=%2Fwp%2Fv2%2Fcomments&post=9231"}],"version-history":[{"count":1,"href":"https:\/\/www.elregional.cl\/index.php?rest_route=\/wp\/v2\/posts\/9231\/revisions"}],"predecessor-version":[{"id":9233,"href":"https:\/\/www.elregional.cl\/index.php?rest_route=\/wp\/v2\/posts\/9231\/revisions\/9233"}],"wp:featuredmedia":[{"embeddable":true,"href":"https:\/\/www.elregional.cl\/index.php?rest_route=\/wp\/v2\/media\/9232"}],"wp:attachment":[{"href":"https:\/\/www.elregional.cl\/index.php?rest_route=%2Fwp%2Fv2%2Fmedia&parent=9231"}],"wp:term":[{"taxonomy":"category","embeddable":true,"href":"https:\/\/www.elregional.cl\/index.php?rest_route=%2Fwp%2Fv2%2Fcategories&post=9231"},{"taxonomy":"post_tag","embeddable":true,"href":"https:\/\/www.elregional.cl\/index.php?rest_route=%2Fwp%2Fv2%2Ftags&post=9231"}],"curies":[{"name":"wp","href":"https:\/\/api.w.org\/{rel}","templated":true}]}}