{"id":9240,"date":"2025-08-28T17:57:51","date_gmt":"2025-08-28T17:57:51","guid":{"rendered":"https:\/\/www.elregional.cl\/?p=9240"},"modified":"2025-08-28T17:57:51","modified_gmt":"2025-08-28T17:57:51","slug":"conmocion-en-paris-policia-investiga-el-hallazgo-de-cinco-cadaveres-en-dos-semanas-en-el-rio-sena","status":"publish","type":"post","link":"https:\/\/www.elregional.cl\/?p=9240","title":{"rendered":"Conmoci\u00f3n en Par\u00eds: Polic\u00eda investiga el hallazgo de cinco cad\u00e1veres en dos semanas en el r\u00edo Sena"},"content":{"rendered":"<div class=\"div_titulo\">\n<h1 id=\"ucDetalle_TituloNoticia\"><span style=\"font-size: 22px;\">\u00a0Emol<\/span><\/h1>\n<\/div>\n<div class=\"div_fecha_top\">\n<div id=\"ucDetalle_ContadorComentarios\" class=\"cont_contador_comentarios flo_left cont_descrip_icons icon_comentario\" data-id=\"1176325\"><\/div>\n<\/div>\n<div class=\"div_h2\">\n<h5 id=\"ucDetalle_BajadaNoticia\">El caso encendi\u00f3 las alarmas de agrupaciones de defensa de los derechos LGBT ante la posibilidad de que se trate de cr\u00edmenes homof\u00f3bicos.<\/h5>\n<\/div>\n<div class=\"contenedor_social_emol\"><\/div>\n<div id=\"ucDetalle_CuerpoNoticia\" class=\"cuerpo_noticia cuerpo_noti_height_full\">\n<div>La Polic\u00eda francesa hall\u00f3 el martes el cad\u00e1ver de un hombre en el\u00a0<b>r\u00edo Sena\u00a0<\/b>en las afueras de\u00a0<b>Par\u00eds<\/b>, a pocos kil\u00f3metros de donde hace dos semanas se encontraron a otros cuatro muertos, en lo que una organizaci\u00f3n de defensa de los derechos LGBT sospecha que es una serie de homicidios homof\u00f3bicos.<\/div>\n<div><\/div>\n<div>Los restos fueron hallados en la localidad de\u00a0<b>Charenton-Le-Pont\u00a0<\/b>(en el departamento de Valle del Marne, al sureste de Par\u00eds), pero la Fiscal\u00eda aclar\u00f3 que el \u00faltimo cad\u00e1ver hallado,<b>\u00a0\u00aba primera vista no presenta lesiones que sugieran violencia\u00bb<\/b>, y tampoco se han hallado v\u00ednculos entre los dos sucesos.<\/div>\n<div><\/div>\n<div>\n<div id=\"contRelacionadas_1171288-1171338\">\n<div class=\"flo_left cont_items_detalle_50\">\n<div class=\"flo_left bor_cont_img_mas_vistas cont_sec_emol sec_mas_vistas_emol\">\n<div class=\"flo_left cont_descrip_noticia\">\n<article id=\"contNotRel_1171288\" class=\"flo_left cont_nota_relacionada\">\n<div class=\"flo_left content_img_noticia\"><\/div>\n<\/article>\n<\/div>\n<\/div>\n<\/div>\n<\/div>\n<p>El cuerpo del hombre, en avanzado estado de descomposici\u00f3n y sin identificaci\u00f3n alguna, \u00abflotaba a la deriva en el Sena a la altura del muelle de Charenton en Charenton-le-Pont\u00bb cuando lo hallaron polic\u00edas de la brigada fluvial, explic\u00f3 la Fiscal\u00eda.<\/p><\/div>\n<div><\/div>\n<div><b>La Polic\u00eda debe realizarle una autopsia y an\u00e1lisis toxicol\u00f3gicos<\/b>\u00a0para determinar c\u00f3mo muri\u00f3, agreg\u00f3 la Fiscal\u00eda.<\/div>\n<div><\/div>\n<div>Un periodista de la AFP en el lugar dijo que debajo del puente por donde se hall\u00f3 cad\u00e1ver, ubicado en una autopista, hay una senda de bicicletas poco concurrida.<\/div>\n<div><\/div>\n<div>Este hallazgo se produce\u00a0<b>dos semanas despu\u00e9s de que los cad\u00e1veres de otros cuatro hombres fueran encontrados tambi\u00e9n en el Sen<\/b>a a la altura de la localidad de\u00a0<b>Choisy-le-Roi<\/b>, a casi ocho kil\u00f3metros r\u00edo arriba.<\/div>\n<div><\/div>\n<div>Dos de los cad\u00e1veres, seg\u00fan las autoridades, ten\u00edan signos de haber sido estrangulados.<\/div>\n<div><\/div>\n<div>Los cuerpos, algunos semidesnudos, fueron encontrados flotando en el r\u00edo Sena tras reportes de un pasajero de un tren en movimiento que vio uno de los cad\u00e1veres de lejos.<\/div>\n<div><\/div>\n<div>Un hombre sin hogar, cuya identidad y nacionalidad a\u00fan son inciertas, aunque su edad ronda los 20 a\u00f1os,<b>\u00a0fue detenido el mi\u00e9rcoles pasado<\/b>\u00a0y acusado de homicidio este fin de semana.<\/div>\n<div><\/div>\n<div>Las autoridades lo hab\u00edan detenido anteriormente con documentos que resultaron ser de una de las v\u00edctimas halladas posteriormente.<\/div>\n<div><\/div>\n<div>Los fiscales dijeron que el hombre se hab\u00eda negado a responder preguntas sobre los presuntos asesinatos, pero que los investigadores hab\u00edan establecido\u00a0<b>un v\u00ednculo entre el sospechoso y cada uno de los cuatro muertos<\/b>: un ciudadano argelino de 21 a\u00f1os y un tunecino de 26 a\u00f1os -ambos sin hogar-, un franc\u00e9s de 46 a\u00f1os y otro argelino de 21 a\u00f1os.<\/div>\n<div><\/div>\n<div>Los cuatro hab\u00edan sido vistos en senderos del r\u00edo frecuentados por el sospechoso, dijeron los fiscales.<\/div>\n<div><\/div>\n<div>La asociaci\u00f3n contra la violencia y el odio contra la comunidad LGBT, Stop Homofobia, sostiene que hay<b>\u00a0un \u00abposible motivo homof\u00f3bico detr\u00e1s de esta serie de cr\u00edmenes\u00bb<\/b>, porque las m\u00e1rgenes del r\u00edo donde fueron hallados los cad\u00e1veres era un lugar conocido como punto de encuentro para relaciones sexuales fugaces.<\/div>\n<\/div>\n","protected":false},"excerpt":{"rendered":"<p>\u00a0Emol El caso encendi\u00f3 las alarmas de agrupaciones de defensa de los derechos LGBT ante la posibilidad de que se trate de cr\u00edmenes homof\u00f3bicos. La Polic\u00eda francesa hall\u00f3 el martes el cad\u00e1ver de un hombre en el\u00a0r\u00edo Sena\u00a0en las afueras de\u00a0Par\u00eds, a pocos kil\u00f3metros de donde hace dos semanas se encontraron a otros cuatro muertos, &hellip;<\/p>\n","protected":false},"author":2,"featured_media":9241,"comment_status":"closed","ping_status":"closed","sticky":false,"template":"","format":"standard","meta":{"footnotes":""},"categories":[4],"tags":[],"class_list":["post-9240","post","type-post","status-publish","format-standard","has-post-thumbnail","hentry","category-mundo"],"_links":{"self":[{"href":"https:\/\/www.elregional.cl\/index.php?rest_route=\/wp\/v2\/posts\/9240","targetHints":{"allow":["GET"]}}],"collection":[{"href":"https:\/\/www.elregional.cl\/index.php?rest_route=\/wp\/v2\/posts"}],"about":[{"href":"https:\/\/www.elregional.cl\/index.php?rest_route=\/wp\/v2\/types\/post"}],"author":[{"embeddable":true,"href":"https:\/\/www.elregional.cl\/index.php?rest_route=\/wp\/v2\/users\/2"}],"replies":[{"embeddable":true,"href":"https:\/\/www.elregional.cl\/index.php?rest_route=%2Fwp%2Fv2%2Fcomments&post=9240"}],"version-history":[{"count":1,"href":"https:\/\/www.elregional.cl\/index.php?rest_route=\/wp\/v2\/posts\/9240\/revisions"}],"predecessor-version":[{"id":9242,"href":"https:\/\/www.elregional.cl\/index.php?rest_route=\/wp\/v2\/posts\/9240\/revisions\/9242"}],"wp:featuredmedia":[{"embeddable":true,"href":"https:\/\/www.elregional.cl\/index.php?rest_route=\/wp\/v2\/media\/9241"}],"wp:attachment":[{"href":"https:\/\/www.elregional.cl\/index.php?rest_route=%2Fwp%2Fv2%2Fmedia&parent=9240"}],"wp:term":[{"taxonomy":"category","embeddable":true,"href":"https:\/\/www.elregional.cl\/index.php?rest_route=%2Fwp%2Fv2%2Fcategories&post=9240"},{"taxonomy":"post_tag","embeddable":true,"href":"https:\/\/www.elregional.cl\/index.php?rest_route=%2Fwp%2Fv2%2Ftags&post=9240"}],"curies":[{"name":"wp","href":"https:\/\/api.w.org\/{rel}","templated":true}]}}