{"id":9264,"date":"2025-08-29T05:11:28","date_gmt":"2025-08-29T05:11:28","guid":{"rendered":"https:\/\/www.elregional.cl\/?p=9264"},"modified":"2025-08-29T05:11:28","modified_gmt":"2025-08-29T05:11:28","slug":"juez-de-ee-uu-permite-a-victimas-del-11-s-seguir-con-demanda-contra-arabia-saudi-por-supuesta-colaboracion","status":"publish","type":"post","link":"https:\/\/www.elregional.cl\/?p=9264","title":{"rendered":"Juez de EE.UU. permite a v\u00edctimas del 11\/S seguir con demanda contra Arabia Saud\u00ed por supuesta colaboraci\u00f3n"},"content":{"rendered":"<header class=\"article-right-rail__header\">\n<div class=\"masthead\">\n<div class=\"masthead__wrapper\">\n<div id=\"masthead__ad\" class=\"masthead__ad\">\n<div class=\"ads-block  show    ad-background \">\n<div id=\"arcad-feature-f0f1khpdMEGE3lB-1ff7f43dfed1c9\" class=\"ads-block__container\">\n<div class=\"ads-block__unit-wrapper m50 d90\" data-testid=\"ad-block-unit-wrapper\">\n<div id=\"arcad_f0f1khpdMEGE3lB-1ff7f43dfed1c9\" data-google-query-id=\"CNncjfKfr48DFTlJuAQdAA0yGg\">\n<div id=\"google_ads_iframe_\/124506296\/latercera\/web\/interior\/top_0__container__\"><button class=\"masthead__main-search\" type=\"button\" aria-label=\"Abrir men\u00fa lateral\"><\/button><span style=\"font-size: 24px; font-weight: bold;\">El magistrado George Daniels consider\u00f3 que los demandantes lograron proporcionar pruebas razonables sobre el papel desempe\u00f1ado por ciudadanos saud\u00edes y el pa\u00eds en la asistencia a secuestradores de los vuelos que se estrellaron el 11 de septiembre de 2001.<\/span><\/div>\n<\/div>\n<\/div>\n<\/div>\n<\/div>\n<\/div>\n<\/div>\n<\/div>\n<\/header>\n<section class=\"article-right-rail__wrapper\"><main class=\"article-right-rail__main\"><\/p>\n<div class=\"article-right-rail__body\">\n<div class=\"article-body__byline\"><\/div>\n<div>\n<p class=\"article-body__paragraph\" data-mrf-recirculation=\"Links art\u00edculo\">Un juez federal de Nueva York rechaz\u00f3 este jueves una petici\u00f3n de Arabia Saud\u00ed para que\u00a0<b>desestimara una demanda presentada por familiares de las v\u00edctimas de los ataques perpetrados por Al Qaeda<\/b>\u00a0el 11 de septiembre de 2001 (11\/S), que acusa al pa\u00eds de brindar apoyo material a sus autores.<\/p>\n<div id=\"teads0\" class=\"teads-player native\"><\/div>\n<p class=\"article-body__paragraph\" data-mrf-recirculation=\"Links art\u00edculo\">El magistrado George Daniels consider\u00f3 que \u201c<b>los demandantes han logrado proporcionar (&#8230;) pruebas razonables\u00a0<\/b>sobre el papel desempe\u00f1ado por Omar al Bayumi, Fahad al Zumairy y Arabia Saud\u00ed en la asistencia a los secuestradores\u201d, mientras que Riad \u201cno ha presentado pruebas suficientes de lo contrario\u201d.<\/p>\n<p class=\"article-body__paragraph\" data-mrf-recirculation=\"Links art\u00edculo\">\u201cAunque Arabia Saud\u00ed intenta ofrecer explicaciones o contexto aparentemente inocentes, estas son contradictorias o no lo suficientemente s\u00f3lidas como para refutar la inferencia de que\u00a0<b>Arabia Saud\u00ed emple\u00f3 a Bayumi y Zumairy para asistir a los secuestradores<\/b>\u201d, agreg\u00f3 en su escrito recogido por la cadena de televisi\u00f3n CBS.<\/p>\n<\/div>\n<\/div>\n<p><\/main><\/section>\n","protected":false},"excerpt":{"rendered":"<p>El magistrado George Daniels consider\u00f3 que los demandantes lograron proporcionar pruebas razonables sobre el papel desempe\u00f1ado por ciudadanos saud\u00edes y el pa\u00eds en la asistencia a secuestradores de los vuelos que se estrellaron el 11 de septiembre de 2001. Un juez federal de Nueva York rechaz\u00f3 este jueves una petici\u00f3n de Arabia Saud\u00ed para que\u00a0desestimara &hellip;<\/p>\n","protected":false},"author":2,"featured_media":9265,"comment_status":"closed","ping_status":"closed","sticky":false,"template":"","format":"standard","meta":{"footnotes":""},"categories":[4],"tags":[],"class_list":["post-9264","post","type-post","status-publish","format-standard","has-post-thumbnail","hentry","category-mundo"],"_links":{"self":[{"href":"https:\/\/www.elregional.cl\/index.php?rest_route=\/wp\/v2\/posts\/9264","targetHints":{"allow":["GET"]}}],"collection":[{"href":"https:\/\/www.elregional.cl\/index.php?rest_route=\/wp\/v2\/posts"}],"about":[{"href":"https:\/\/www.elregional.cl\/index.php?rest_route=\/wp\/v2\/types\/post"}],"author":[{"embeddable":true,"href":"https:\/\/www.elregional.cl\/index.php?rest_route=\/wp\/v2\/users\/2"}],"replies":[{"embeddable":true,"href":"https:\/\/www.elregional.cl\/index.php?rest_route=%2Fwp%2Fv2%2Fcomments&post=9264"}],"version-history":[{"count":1,"href":"https:\/\/www.elregional.cl\/index.php?rest_route=\/wp\/v2\/posts\/9264\/revisions"}],"predecessor-version":[{"id":9266,"href":"https:\/\/www.elregional.cl\/index.php?rest_route=\/wp\/v2\/posts\/9264\/revisions\/9266"}],"wp:featuredmedia":[{"embeddable":true,"href":"https:\/\/www.elregional.cl\/index.php?rest_route=\/wp\/v2\/media\/9265"}],"wp:attachment":[{"href":"https:\/\/www.elregional.cl\/index.php?rest_route=%2Fwp%2Fv2%2Fmedia&parent=9264"}],"wp:term":[{"taxonomy":"category","embeddable":true,"href":"https:\/\/www.elregional.cl\/index.php?rest_route=%2Fwp%2Fv2%2Fcategories&post=9264"},{"taxonomy":"post_tag","embeddable":true,"href":"https:\/\/www.elregional.cl\/index.php?rest_route=%2Fwp%2Fv2%2Ftags&post=9264"}],"curies":[{"name":"wp","href":"https:\/\/api.w.org\/{rel}","templated":true}]}}