{"id":9278,"date":"2025-08-30T12:04:32","date_gmt":"2025-08-30T12:04:32","guid":{"rendered":"https:\/\/www.elregional.cl\/?p=9278"},"modified":"2025-08-30T12:04:32","modified_gmt":"2025-08-30T12:04:32","slug":"dos-lesionados-deja-volcamiento-en-ruta-5n","status":"publish","type":"post","link":"https:\/\/www.elregional.cl\/?p=9278","title":{"rendered":"Dos lesionados deja volcamiento en ruta 5N."},"content":{"rendered":"<p>Ayer aproximadamente\u00a0 a las 15:30 hrs se registr\u00f3 un\u00a0 accidente vehicular en la\u00a0 Ruta 5N km 398 en direcci\u00f3n sur, en el l\u00edmite provincial entre Elqui y Limar\u00ed, .\u00a0 Equipos de bomberos informaron que se trat\u00f3 de un volcamiento de un veh\u00edculo menor, con la concurrencia de ABC y equipos de emergencia de la autopista.<\/p>\n<p>A raiz de lo anterior\u00a0 se reportaron 3 involucrados, 2 de ellos lesionados y trasladados al hospital de Ovalle.<\/p>\n","protected":false},"excerpt":{"rendered":"<p>Ayer aproximadamente\u00a0 a las 15:30 hrs se registr\u00f3 un\u00a0 accidente vehicular en la\u00a0 Ruta 5N km 398 en direcci\u00f3n sur, en el l\u00edmite provincial entre Elqui y Limar\u00ed, .\u00a0 Equipos de bomberos informaron que se trat\u00f3 de un volcamiento de un veh\u00edculo menor, con la concurrencia de ABC y equipos de emergencia de la autopista. &hellip;<\/p>\n","protected":false},"author":2,"featured_media":9279,"comment_status":"closed","ping_status":"closed","sticky":false,"template":"","format":"standard","meta":{"footnotes":""},"categories":[2],"tags":[],"class_list":["post-9278","post","type-post","status-publish","format-standard","has-post-thumbnail","hentry","category-regionales"],"_links":{"self":[{"href":"https:\/\/www.elregional.cl\/index.php?rest_route=\/wp\/v2\/posts\/9278","targetHints":{"allow":["GET"]}}],"collection":[{"href":"https:\/\/www.elregional.cl\/index.php?rest_route=\/wp\/v2\/posts"}],"about":[{"href":"https:\/\/www.elregional.cl\/index.php?rest_route=\/wp\/v2\/types\/post"}],"author":[{"embeddable":true,"href":"https:\/\/www.elregional.cl\/index.php?rest_route=\/wp\/v2\/users\/2"}],"replies":[{"embeddable":true,"href":"https:\/\/www.elregional.cl\/index.php?rest_route=%2Fwp%2Fv2%2Fcomments&post=9278"}],"version-history":[{"count":1,"href":"https:\/\/www.elregional.cl\/index.php?rest_route=\/wp\/v2\/posts\/9278\/revisions"}],"predecessor-version":[{"id":9280,"href":"https:\/\/www.elregional.cl\/index.php?rest_route=\/wp\/v2\/posts\/9278\/revisions\/9280"}],"wp:featuredmedia":[{"embeddable":true,"href":"https:\/\/www.elregional.cl\/index.php?rest_route=\/wp\/v2\/media\/9279"}],"wp:attachment":[{"href":"https:\/\/www.elregional.cl\/index.php?rest_route=%2Fwp%2Fv2%2Fmedia&parent=9278"}],"wp:term":[{"taxonomy":"category","embeddable":true,"href":"https:\/\/www.elregional.cl\/index.php?rest_route=%2Fwp%2Fv2%2Fcategories&post=9278"},{"taxonomy":"post_tag","embeddable":true,"href":"https:\/\/www.elregional.cl\/index.php?rest_route=%2Fwp%2Fv2%2Ftags&post=9278"}],"curies":[{"name":"wp","href":"https:\/\/api.w.org\/{rel}","templated":true}]}}