{"id":9343,"date":"2025-09-03T12:44:15","date_gmt":"2025-09-03T12:44:15","guid":{"rendered":"https:\/\/www.elregional.cl\/?p=9343"},"modified":"2025-09-03T12:44:15","modified_gmt":"2025-09-03T12:44:15","slug":"por-accidente-de-transito-en-argentina-se-mantiene-cerrado-el-paso-fronterizo-los-libertadores","status":"publish","type":"post","link":"https:\/\/www.elregional.cl\/?p=9343","title":{"rendered":"Por accidente de tr\u00e1nsito en Argentina: se mantiene cerrado el paso fronterizo Los Libertadores"},"content":{"rendered":"<p>La situaci\u00f3n ocurri\u00f3 en el puente R\u00edo Mendoza a la altura de punta de Vacas.<\/p>\n<p>El paso fronterizo Los Libertadores se encuentra cerrado ya que la coordinaci\u00f3n Argentina inhabilit\u00f3 el Sistema Integrado, esto debido a un accidente de tr\u00e1nsito ocurrido en el puente R\u00edo Mendoza a la altura de punta de Vacas.<br \/>\nEl cierre temporal est\u00e1 vigente desde las 23:45 para todo tipo de veh\u00edculos.<br \/>\nEl llamado es a estar atentos a las redes sociales del Complejo Fronterizo Los Libertadores, sitio donde se informar\u00e1 oportunamente de la apertura.<\/p>\n<p>Fuente: https:\/\/www.soychile.cl\/quillota\/sociedad\/2025\/09\/03\/919783\/paso-los-libertadores-cierre-transito.html<br \/>\nSitio:Soychile.cl<\/p>\n","protected":false},"excerpt":{"rendered":"<p>La situaci\u00f3n ocurri\u00f3 en el puente R\u00edo Mendoza a la altura de punta de Vacas. El paso fronterizo Los Libertadores se encuentra cerrado ya que la coordinaci\u00f3n Argentina inhabilit\u00f3 el Sistema Integrado, esto debido a un accidente de tr\u00e1nsito ocurrido en el puente R\u00edo Mendoza a la altura de punta de Vacas. El cierre temporal &hellip;<\/p>\n","protected":false},"author":2,"featured_media":9344,"comment_status":"closed","ping_status":"closed","sticky":false,"template":"","format":"standard","meta":{"footnotes":""},"categories":[4],"tags":[],"class_list":["post-9343","post","type-post","status-publish","format-standard","has-post-thumbnail","hentry","category-internacional"],"_links":{"self":[{"href":"https:\/\/www.elregional.cl\/index.php?rest_route=\/wp\/v2\/posts\/9343","targetHints":{"allow":["GET"]}}],"collection":[{"href":"https:\/\/www.elregional.cl\/index.php?rest_route=\/wp\/v2\/posts"}],"about":[{"href":"https:\/\/www.elregional.cl\/index.php?rest_route=\/wp\/v2\/types\/post"}],"author":[{"embeddable":true,"href":"https:\/\/www.elregional.cl\/index.php?rest_route=\/wp\/v2\/users\/2"}],"replies":[{"embeddable":true,"href":"https:\/\/www.elregional.cl\/index.php?rest_route=%2Fwp%2Fv2%2Fcomments&post=9343"}],"version-history":[{"count":1,"href":"https:\/\/www.elregional.cl\/index.php?rest_route=\/wp\/v2\/posts\/9343\/revisions"}],"predecessor-version":[{"id":9345,"href":"https:\/\/www.elregional.cl\/index.php?rest_route=\/wp\/v2\/posts\/9343\/revisions\/9345"}],"wp:featuredmedia":[{"embeddable":true,"href":"https:\/\/www.elregional.cl\/index.php?rest_route=\/wp\/v2\/media\/9344"}],"wp:attachment":[{"href":"https:\/\/www.elregional.cl\/index.php?rest_route=%2Fwp%2Fv2%2Fmedia&parent=9343"}],"wp:term":[{"taxonomy":"category","embeddable":true,"href":"https:\/\/www.elregional.cl\/index.php?rest_route=%2Fwp%2Fv2%2Fcategories&post=9343"},{"taxonomy":"post_tag","embeddable":true,"href":"https:\/\/www.elregional.cl\/index.php?rest_route=%2Fwp%2Fv2%2Ftags&post=9343"}],"curies":[{"name":"wp","href":"https:\/\/api.w.org\/{rel}","templated":true}]}}