{"id":9381,"date":"2025-09-06T12:18:23","date_gmt":"2025-09-06T12:18:23","guid":{"rendered":"https:\/\/www.elregional.cl\/?p=9381"},"modified":"2025-09-06T12:18:23","modified_gmt":"2025-09-06T12:18:23","slug":"armada-y-sernapesca-detectan-siete-embarcaciones-operando-de-forma-ilegal-en-el-golfo-de-ancud","status":"publish","type":"post","link":"https:\/\/www.elregional.cl\/?p=9381","title":{"rendered":"Armada y Sernapesca detectan siete embarcaciones operando de forma ilegal en el Golfo de Ancud"},"content":{"rendered":"<header>\n<h1 class=\"titular\"><\/h1>\n<p class=\"bajada\">La acci\u00f3n coordinada permiti\u00f3 fiscalizar a 23 naves e identificar a siete de ellas cometiendo infracciones a la normativa pesquera vigente.<\/p>\n<div class=\"wp-share\"><a class=\"whatsapp\" href=\"https:\/\/www.armada.cl\/noticias-navales\/seguridad-e-intereses-del-territorio-maritimo\/armada-y-sernapesca-detectan-siete-embarcaciones-operando-de-forma-ilegal#\"><img decoding=\"async\" src=\"https:\/\/www.armada.cl\/armada\/imag\/v2\/btn\/ic_whatsapp.png\" alt=\"\" \/><\/a>\u00a0<a class=\"twitter\" href=\"https:\/\/www.armada.cl\/noticias-navales\/seguridad-e-intereses-del-territorio-maritimo\/armada-y-sernapesca-detectan-siete-embarcaciones-operando-de-forma-ilegal#\"><img decoding=\"async\" src=\"https:\/\/www.armada.cl\/armada\/imag\/v2\/btn\/ic_twitter.png\" alt=\"\" \/><\/a>\u00a0<a class=\"facebook\" href=\"https:\/\/www.armada.cl\/noticias-navales\/seguridad-e-intereses-del-territorio-maritimo\/armada-y-sernapesca-detectan-siete-embarcaciones-operando-de-forma-ilegal#\"><img decoding=\"async\" src=\"https:\/\/www.armada.cl\/armada\/imag\/v2\/btn\/ic_facebook.png\" alt=\"\" \/><\/a><\/div>\n<\/header>\n<div class=\"subtitulos\"><\/div>\n<div class=\"CUERPO\">\n<p>Chilo\u00e9. En respuesta a denuncias por pesca de merluza austral con redes \u2014arte no autorizado para dicho recurso\u2014, la Armada de Chile y el Servicio Nacional de Pesca y Acuicultura (Sernapesca) realizaron operativos de fiscalizaci\u00f3n en el Golfo de Ancud.<\/p>\n<p>Gracias a la acci\u00f3n conjunta, se fiscaliz\u00f3 un total de 23 embarcaciones. De las naves controladas, 16 contaban con su documentaci\u00f3n y permisos vigentes, mientras que siete de ellas presentaron diversas infracciones, tales como no contar con inscripci\u00f3n en el Registro Pesquero Artesanal, obstruir la fiscalizaci\u00f3n, transportar recursos de forma ilegal y mantener a bordo artes de pesca prohibidos.<\/p>\n<p>Como resultado, se cursaron siete citaciones al Juzgado de Letras de Castro, se detuvo a una persona y se incaut\u00f3 una embarcaci\u00f3n, junto con 2.000 metros de red para merluza austral, 1.550 kilos de dicho recurso y 40 kilos de congrio dorado.<\/p>\n<p>La merluza austral y el congrio dorado son especies que se encuentran en estado de sobreexplotaci\u00f3n, por lo que su extracci\u00f3n y transporte ilegal constituyen un delito. En virtud de lo anterior, y por instrucci\u00f3n del Fiscal de turno, la Armada procedi\u00f3 con la detenci\u00f3n y las incautaciones correspondientes.<\/p>\n<p>El Gobernador Mar\u00edtimo de Castro, Capit\u00e1n de Nav\u00edo Litoral Ricardo C\u00e1rcamo, precis\u00f3 que \u201cesta colaboraci\u00f3n ha permitido desincentivar pr\u00e1cticas que amenazan la sustentabilidad de los recursos marinos y la salud de la poblaci\u00f3n. Ambas instituciones, Armada de Chile como Sernapesca, reafirmamos nuestro compromiso por continuar implementando acciones concretas que generen resultados objetivos con el fin de reducir estos actos il\u00edcitos que afectan a la regi\u00f3n de Los Lagos\u201d.<\/p>\n<p>Por su parte, el Director Regional (s) de Sernapesca en Los Lagos, Branny Montecinos, se refiri\u00f3 al despliegue: \u201cAgradecemos el valioso apoyo por parte de la Armada, que puso a disposici\u00f3n de este operativo sus embarcaciones y a 79 funcionarios. Gracias a ello pudimos fiscalizar a un gran n\u00famero de embarcaciones y frenar la extracci\u00f3n ilegal de merluza austral. Recordamos que ya no se encuentra en veda, pero solo puede ser extra\u00edda por pescadores y pescadoras artesanales que tengan el recurso inscrito y con artes de pesca permitidos como los espineles de fondo, palangres y l\u00edneas de mano. Seguiremos fiscalizando para desincentivar la pesca ilegal y facilitar el cumplimiento normativo de nuestros usuarios y usuarias\u201d.<\/p>\n<\/div>\n","protected":false},"excerpt":{"rendered":"<p>La acci\u00f3n coordinada permiti\u00f3 fiscalizar a 23 naves e identificar a siete de ellas cometiendo infracciones a la normativa pesquera vigente. \u00a0\u00a0 Chilo\u00e9. En respuesta a denuncias por pesca de merluza austral con redes \u2014arte no autorizado para dicho recurso\u2014, la Armada de Chile y el Servicio Nacional de Pesca y Acuicultura (Sernapesca) realizaron operativos &hellip;<\/p>\n","protected":false},"author":2,"featured_media":9382,"comment_status":"closed","ping_status":"closed","sticky":false,"template":"","format":"standard","meta":{"footnotes":""},"categories":[3],"tags":[],"class_list":["post-9381","post","type-post","status-publish","format-standard","has-post-thumbnail","hentry","category-pais"],"_links":{"self":[{"href":"https:\/\/www.elregional.cl\/index.php?rest_route=\/wp\/v2\/posts\/9381","targetHints":{"allow":["GET"]}}],"collection":[{"href":"https:\/\/www.elregional.cl\/index.php?rest_route=\/wp\/v2\/posts"}],"about":[{"href":"https:\/\/www.elregional.cl\/index.php?rest_route=\/wp\/v2\/types\/post"}],"author":[{"embeddable":true,"href":"https:\/\/www.elregional.cl\/index.php?rest_route=\/wp\/v2\/users\/2"}],"replies":[{"embeddable":true,"href":"https:\/\/www.elregional.cl\/index.php?rest_route=%2Fwp%2Fv2%2Fcomments&post=9381"}],"version-history":[{"count":1,"href":"https:\/\/www.elregional.cl\/index.php?rest_route=\/wp\/v2\/posts\/9381\/revisions"}],"predecessor-version":[{"id":9383,"href":"https:\/\/www.elregional.cl\/index.php?rest_route=\/wp\/v2\/posts\/9381\/revisions\/9383"}],"wp:featuredmedia":[{"embeddable":true,"href":"https:\/\/www.elregional.cl\/index.php?rest_route=\/wp\/v2\/media\/9382"}],"wp:attachment":[{"href":"https:\/\/www.elregional.cl\/index.php?rest_route=%2Fwp%2Fv2%2Fmedia&parent=9381"}],"wp:term":[{"taxonomy":"category","embeddable":true,"href":"https:\/\/www.elregional.cl\/index.php?rest_route=%2Fwp%2Fv2%2Fcategories&post=9381"},{"taxonomy":"post_tag","embeddable":true,"href":"https:\/\/www.elregional.cl\/index.php?rest_route=%2Fwp%2Fv2%2Ftags&post=9381"}],"curies":[{"name":"wp","href":"https:\/\/api.w.org\/{rel}","templated":true}]}}