{"id":941,"date":"2024-09-03T07:10:10","date_gmt":"2024-09-03T07:10:10","guid":{"rendered":"https:\/\/www.elregional.cl\/?p=941"},"modified":"2024-09-03T07:10:10","modified_gmt":"2024-09-03T07:10:10","slug":"que-paso-con-las-historicas-gruas-del-puerto-de-coquimbo-que-el-municipio-se-comprometio-a-declarar-patrimonio-cultural","status":"publish","type":"post","link":"https:\/\/www.elregional.cl\/?p=941","title":{"rendered":"\u00bf QUE PAS\u00d3 CON LAS HIST\u00d3RICAS GR\u00daAS DEL PUERTO DE COQUIMBO QUE EL MUNICIPIO SE COMPROMETI\u00d3 A DECLARAR PATRIMONIO CULTURAL ?"},"content":{"rendered":"<p>Por Andr\u00e9s Sandoval Z.<\/p>\n<p>En el mes de diciembre del 2023 se inici\u00f3 el desmontaje y posterior traslado de las emblem\u00e1ticas gr\u00faas Alemanas Ardelt que prestaban servicios en el Puerto de Coquimbo, actual TPC desde 1955, con el prop\u00f3sito de ser llevadas a otro punto de la ciudad y convertirlas en patrimonio Cultural Coquimbano.<\/p>\n<p><img loading=\"lazy\" decoding=\"async\" class=\"alignnone size-medium wp-image-942\" src=\"https:\/\/www.elregional.cl\/wp-content\/uploads\/2024\/09\/DgEI0exWkAIfvjY-1-300x300.jpg\" alt=\"\" width=\"300\" height=\"300\" \/><\/p>\n<p>RECORDEMOS UN POCO DE HISTORIA.<\/p>\n<p>Por medio de un convenio de colaboraci\u00f3n celebrado entre <strong>Empresa Portuaria Coquimbo (EPCO)<\/strong>, la Municipalidad de Coquimbo y\u00a0<strong>Terminal Puerto Coquimbo (TPC),<\/strong>\u00a0se desarrollar\u00e1 el desarme y posterior destinaci\u00f3n e instalaci\u00f3n de las antiguas gr\u00faas del recinto a otro punto de la Ciudad \u2013 Puerto.<\/p>\n<p>Las dos gr\u00faas alemanas Ardelt, que son actualmente propiedad de\u00a0<strong>Empresa Portuaria Coquimbo<\/strong>, se encuentran en el Sitio 1, habiendo sido instaladas bajo el Gobierno del Expresidente Gabriel Gonz\u00e1lez Videla, a trav\u00e9s del Plan de Fomento y Urbanizaci\u00f3n para la Regi\u00f3n de Coquimbo (Plan Serena) que se ejecut\u00f3 entre 1948 y 1952.<\/p>\n<p><img loading=\"lazy\" decoding=\"async\" class=\"alignnone size-medium wp-image-943\" src=\"https:\/\/www.elregional.cl\/wp-content\/uploads\/2024\/09\/Screenshot_20240903_022735_Facebook-300x221.jpg\" alt=\"\" width=\"300\" height=\"221\" \/><\/p>\n<p>Las m\u00e1quinas permitieron atender, hasta el fin de su operaci\u00f3n, en forma simult\u00e1nea el despacho de tres barcos, lo que signific\u00f3 eliminar el factor de retardo en las faenas de carga y descarga, hasta esa fecha frecuente por falta de medios mecanizados.<\/p>\n<p>Informes t\u00e9cnicos, elaborados por especialistas, confirman que ambas estructuras representan un riesgo actual para trabajadores, visitantes y cruceristas que concurren a la zona de operaciones. Por ese motivo se decidi\u00f3 su traslado.<\/p>\n<p>Este proyecto se ejecuta de manera colaborativa entre Empresa Portuaria Coquimbo y la Municipalidad de Coquimbo, siendo la primera la responsable de financiar su desarme y movilizar las estructuras hasta su destinaci\u00f3n de almacenamiento y la entidad edilicia la encargada por medio de un convenio la responsable de la restauraci\u00f3n e instalaci\u00f3n de las Gr\u00faas Krupp \u2013 Ardelt en un Bien Nacional de Uso P\u00fablico, seg\u00fan se disponga, como parte de un proyecto de arquitectura que busca realzar el patrimonio cultural de estas para la comunidad portuaria.<\/p>\n<p><img loading=\"lazy\" decoding=\"async\" class=\"alignnone size-medium wp-image-944\" src=\"https:\/\/www.elregional.cl\/wp-content\/uploads\/2024\/09\/Screenshot_20240903_022812_Facebook-300x293.jpg\" alt=\"\" width=\"300\" height=\"293\" \/><\/p>\n<p>Empresa Portuaria Coquimbo reconoce el valor que estos equipos portuarios generaron al desarrollo de la industria en la Regi\u00f3n de Coquimbo, sin obviar\u00a0 que forman parte de la imagen urbana de la comuna, siendo un legado patrimonial y cultural para los vecinos de la Ciudad \u2013 Puerto.<\/p>\n<p>\u00bf QUE PAS\u00d3?<\/p>\n<p>Como se\u00f1alamos en Diciembre de 2023, La Empresa Portuaria de Coquimbo ( EPCO) celebr\u00f3 un contrato de desmontaje, desarme y traslado de estas hist\u00f3ricas gr\u00faas, con la empresa Charles Juarez los cuales se encargaron de esta delicada faena y llevaron las estructuras de estos gigantes de fierro hasta dep\u00f3sitos ubicados en el barrio industrial sector Tierras Blancas, en donde hasta la actualidad permanecen abandonados y en progresivo deterioro.<\/p>\n<p><img loading=\"lazy\" decoding=\"async\" class=\"alignnone size-medium wp-image-946\" src=\"https:\/\/www.elregional.cl\/wp-content\/uploads\/2024\/09\/Screenshot_20240903_022703_Facebook-300x297.jpg\" alt=\"\" width=\"300\" height=\"297\" \/><\/p>\n<p>La Municipalidad de Coquimbo y su edil Al\u00ed Manoucherhi no han cumplido con su parte del convenio que consist\u00eda en reubicar estas gr\u00faas para ser visitadas por el p\u00fablico y nombrarlas Patrimonio Cultural Porte\u00f1o. \u00bf Ser\u00e1 que no hay recursos en el per\u00edodo de campa\u00f1a para la reelecci\u00f3n?<\/p>\n<p><img loading=\"lazy\" decoding=\"async\" class=\"alignnone size-medium wp-image-947\" src=\"https:\/\/www.elregional.cl\/wp-content\/uploads\/2024\/09\/Screenshot_20240903_022410_Facebook-237x300.jpg\" alt=\"\" width=\"237\" height=\"300\" \/><\/p>\n","protected":false},"excerpt":{"rendered":"<p>Por Andr\u00e9s Sandoval Z. En el mes de diciembre del 2023 se inici\u00f3 el desmontaje y posterior traslado de las emblem\u00e1ticas gr\u00faas Alemanas Ardelt que prestaban servicios en el Puerto de Coquimbo, actual TPC desde 1955, con el prop\u00f3sito de ser llevadas a otro punto de la ciudad y convertirlas en patrimonio Cultural Coquimbano. RECORDEMOS &hellip;<\/p>\n","protected":false},"author":2,"featured_media":0,"comment_status":"closed","ping_status":"closed","sticky":false,"template":"","format":"standard","meta":{"footnotes":""},"categories":[13,2],"tags":[],"class_list":["post-941","post","type-post","status-publish","format-standard","hentry","category-coquimbo","category-regionales"],"_links":{"self":[{"href":"https:\/\/www.elregional.cl\/index.php?rest_route=\/wp\/v2\/posts\/941","targetHints":{"allow":["GET"]}}],"collection":[{"href":"https:\/\/www.elregional.cl\/index.php?rest_route=\/wp\/v2\/posts"}],"about":[{"href":"https:\/\/www.elregional.cl\/index.php?rest_route=\/wp\/v2\/types\/post"}],"author":[{"embeddable":true,"href":"https:\/\/www.elregional.cl\/index.php?rest_route=\/wp\/v2\/users\/2"}],"replies":[{"embeddable":true,"href":"https:\/\/www.elregional.cl\/index.php?rest_route=%2Fwp%2Fv2%2Fcomments&post=941"}],"version-history":[{"count":1,"href":"https:\/\/www.elregional.cl\/index.php?rest_route=\/wp\/v2\/posts\/941\/revisions"}],"predecessor-version":[{"id":948,"href":"https:\/\/www.elregional.cl\/index.php?rest_route=\/wp\/v2\/posts\/941\/revisions\/948"}],"wp:attachment":[{"href":"https:\/\/www.elregional.cl\/index.php?rest_route=%2Fwp%2Fv2%2Fmedia&parent=941"}],"wp:term":[{"taxonomy":"category","embeddable":true,"href":"https:\/\/www.elregional.cl\/index.php?rest_route=%2Fwp%2Fv2%2Fcategories&post=941"},{"taxonomy":"post_tag","embeddable":true,"href":"https:\/\/www.elregional.cl\/index.php?rest_route=%2Fwp%2Fv2%2Ftags&post=941"}],"curies":[{"name":"wp","href":"https:\/\/api.w.org\/{rel}","templated":true}]}}