{"id":9477,"date":"2025-09-09T06:29:06","date_gmt":"2025-09-09T06:29:06","guid":{"rendered":"https:\/\/www.elregional.cl\/?p=9477"},"modified":"2025-09-09T06:29:06","modified_gmt":"2025-09-09T06:29:06","slug":"ee-uu-corte-suprema-autoriza-al-gobierno-de-trump-retomar-redadas-contra-inmigrantes-ilegales-en-california","status":"publish","type":"post","link":"https:\/\/www.elregional.cl\/?p=9477","title":{"rendered":"EE.UU.: Corte Suprema autoriza al gobierno de Trump retomar redadas contra inmigrantes ilegales en California"},"content":{"rendered":"<div id=\"div_comp\">\n<header id=\"header-fixed-top\" class=\"header mm-fixed-top\">\n<div id=\"div_emol\"><\/div>\n<\/header>\n<\/div>\n<div class=\"div_comp5\">\n<div class=\"cont_panoramas_mob\">\n<div id=\"div_detalle_iphone\">\n<div class=\"cont_detalle_emol_movil \">\n<div class=\"div_h2\">\n<h5 id=\"ucDetalle_BajadaNoticia\">Emol.cl<\/h5>\n<h5>Esta decisi\u00f3n ha sido criticada por las autoridades estatales, quienes la calificaron como \u00abun ataque a las libertades civiles\u00bb.<\/h5>\n<\/div>\n<div class=\"contenedor_social_emol\"><\/div>\n<div id=\"ucDetalle_CuerpoNoticia\" class=\"cuerpo_noticia cuerpo_noti_height_full\">\n<div>La<b>\u00a0Corte Suprema de Estados Unidos autoriz\u00f3 provisionalmente el lunes al gobierno del presidente Donald Trump reanudar sus redadas itinerantes contra la inmigraci\u00f3n ilegal en el sur de California,<\/b>\u00a0unas operaciones muy criticadas por la oposici\u00f3n dem\u00f3crata y organizaciones de derechos humanos.<\/div>\n<div><\/div>\n<div>Un tribunal federal en julio y luego una corte de apelaciones federal en agosto hab\u00edan prohibido hasta nuevo aviso a la polic\u00eda federal de inmigraci\u00f3n (ICE)\u00a0<b>detener en Los \u00c1ngeles y su regi\u00f3n a personas sobre la sola base de una serie de cuatro factores.<\/b><\/div>\n<div><\/div>\n<div>\n<div id=\"contRelacionada_1169318\">\n<div class=\"flo_left cont_items_detalle_50\">\n<div class=\"flo_left bor_cont_img_mas_vistas cont_sec_emol sec_mas_vistas_emol cont_noti_rel_single\">\n<div class=\"flo_left cont_descrip_noticia\">\n<article class=\"flo_left cont_nota_relacionada\">\n<div class=\"cont_contador_comentarios flo_left cont_icon_social f_comentario\" data-id=\"1169318\"><\/div>\n<\/article>\n<\/div>\n<\/div>\n<\/div>\n<\/div>\n<p>Estos factores eran su presencia en un lugar generalmente asociado con la mano de obra inmigrante -parada de autob\u00fas, lavadero de coches, explotaci\u00f3n agr\u00edcola o ferreter\u00eda-, el tipo de actividad realizada, el hecho de hablar espa\u00f1ol o ingl\u00e9s con acento extranjero, o bien su apariencia \u00e9tnica.<\/p><\/div>\n<div><\/div>\n<div>La intensificaci\u00f3n de las redadas policiales en este tipo de lugares donde trabajan latinoamericanos\u00a0<b>genera pol\u00e9mica desde principios de junio en Los \u00c1ngeles, y provoc\u00f3 manifestaciones violentas y el despliegue de la Guardia Nacional ordenado por Donald Trump.<\/b><\/div>\n<div><\/div>\n<div>\u00abLa fuerza policial privada de Trump ahora tiene luz verde para ir tras tu familia (&#8230;) pero seguiremos combatiendo estos ataques aberrantes contra los californianos\u00bb, reaccion\u00f3 el gobernador dem\u00f3crata del estado, Gavin Newsom.<\/div>\n<div><\/div>\n<div>La alcaldesa de Los \u00c1ngeles, Karen Bass, dijo que la decisi\u00f3n se trata de un \u00abataque\u00bb contra las libertades civiles.<\/div>\n<div><\/div>\n<div>\u00abEl estado de derecho sol\u00eda significar algo no solo para nosotros,\u00a0<b>sino tambi\u00e9n para la Corte Suprema, pero ahora, de un plumazo, la Corte Suprema ha socavado los derechos de millones de personas<\/b>\u00ab, coment\u00f3 Bass.<\/div>\n<div><\/div>\n<div>La Uni\u00f3n Americana de Libertades Civiles (ACLU) anticip\u00f3 que continuar\u00e1 la batalla legal para intentar \u00abdetener las redadas inconstitucionales\u00bb.<\/div>\n<div><\/div>\n<div>\n<h2>Discrepancias<\/h2>\n<\/div>\n<div><\/div>\n<div>Los tribunales de primera instancia y luego de apelaci\u00f3n consideraron estas detenciones\u00a0<b>contrarias a la Cuarta Enmienda de la Constituci\u00f3n estadounidense<\/b>, que protege a las personas de arrestos, registros o cacheos arbitrarios al exigir como m\u00ednimo \u00abuna sospecha razonable\u00bb.<\/div>\n<div><\/div>\n<div>Pero seis jueces de la<b>\u00a0Corte Suprema levantaron el lunes esa suspensi\u00f3n,<\/b>\u00a0contra el criterio de los tres magistrados progresistas, hasta que el tribunal de apelaciones se pronuncie sobre el fondo o hasta que ella misma intervenga.<\/div>\n<\/div>\n<\/div>\n<\/div>\n<\/div>\n<\/div>\n","protected":false},"excerpt":{"rendered":"<p>Emol.cl Esta decisi\u00f3n ha sido criticada por las autoridades estatales, quienes la calificaron como \u00abun ataque a las libertades civiles\u00bb. La\u00a0Corte Suprema de Estados Unidos autoriz\u00f3 provisionalmente el lunes al gobierno del presidente Donald Trump reanudar sus redadas itinerantes contra la inmigraci\u00f3n ilegal en el sur de California,\u00a0unas operaciones muy criticadas por la oposici\u00f3n dem\u00f3crata &hellip;<\/p>\n","protected":false},"author":2,"featured_media":9478,"comment_status":"closed","ping_status":"closed","sticky":false,"template":"","format":"standard","meta":{"footnotes":""},"categories":[4],"tags":[],"class_list":["post-9477","post","type-post","status-publish","format-standard","has-post-thumbnail","hentry","category-mundo"],"_links":{"self":[{"href":"https:\/\/www.elregional.cl\/index.php?rest_route=\/wp\/v2\/posts\/9477","targetHints":{"allow":["GET"]}}],"collection":[{"href":"https:\/\/www.elregional.cl\/index.php?rest_route=\/wp\/v2\/posts"}],"about":[{"href":"https:\/\/www.elregional.cl\/index.php?rest_route=\/wp\/v2\/types\/post"}],"author":[{"embeddable":true,"href":"https:\/\/www.elregional.cl\/index.php?rest_route=\/wp\/v2\/users\/2"}],"replies":[{"embeddable":true,"href":"https:\/\/www.elregional.cl\/index.php?rest_route=%2Fwp%2Fv2%2Fcomments&post=9477"}],"version-history":[{"count":1,"href":"https:\/\/www.elregional.cl\/index.php?rest_route=\/wp\/v2\/posts\/9477\/revisions"}],"predecessor-version":[{"id":9479,"href":"https:\/\/www.elregional.cl\/index.php?rest_route=\/wp\/v2\/posts\/9477\/revisions\/9479"}],"wp:featuredmedia":[{"embeddable":true,"href":"https:\/\/www.elregional.cl\/index.php?rest_route=\/wp\/v2\/media\/9478"}],"wp:attachment":[{"href":"https:\/\/www.elregional.cl\/index.php?rest_route=%2Fwp%2Fv2%2Fmedia&parent=9477"}],"wp:term":[{"taxonomy":"category","embeddable":true,"href":"https:\/\/www.elregional.cl\/index.php?rest_route=%2Fwp%2Fv2%2Fcategories&post=9477"},{"taxonomy":"post_tag","embeddable":true,"href":"https:\/\/www.elregional.cl\/index.php?rest_route=%2Fwp%2Fv2%2Ftags&post=9477"}],"curies":[{"name":"wp","href":"https:\/\/api.w.org\/{rel}","templated":true}]}}