{"id":9498,"date":"2025-09-10T13:35:45","date_gmt":"2025-09-10T13:35:45","guid":{"rendered":"https:\/\/www.elregional.cl\/?p=9498"},"modified":"2025-09-10T13:35:45","modified_gmt":"2025-09-10T13:35:45","slug":"pdi-investiga-homicidio-de-duena-de-casa-tras-robo-en-coquimbo","status":"publish","type":"post","link":"https:\/\/www.elregional.cl\/?p=9498","title":{"rendered":"PDI investiga homicidio de due\u00f1a de casa tras robo en Coquimbo"},"content":{"rendered":"<div id=\"tdi_4\" class=\"tdc-row\">\n<div class=\"vc_row tdi_5  wpb_row td-pb-row\">\n<div class=\"vc_column tdi_7  wpb_column vc_column_container tdc-column td-pb-span12\">\n<div class=\"wpb_wrapper\">\n<div class=\"td_block_wrap tdb_breadcrumbs tdi_8 td-pb-border-top td_block_template_1 tdb-breadcrumbs \" data-td-block-uid=\"tdi_8\">\n<div class=\"tdb-block-inner td-fix-index\"><\/div>\n<\/div>\n<\/div>\n<\/div>\n<\/div>\n<\/div>\n<div id=\"tdi_9\" class=\"tdc-row\">\n<div class=\"vc_row tdi_10 td-ss-row wpb_row td-pb-row\">\n<div class=\"vc_column tdi_12  wpb_column vc_column_container tdc-column td-pb-span8\">\n<div class=\"wpb_wrapper\">\n<div class=\"td_block_wrap tdb_single_content tdi_22 td-pb-border-top td_block_template_1 td-post-content tagdiv-type\" data-td-block-uid=\"tdi_22\">\n<div class=\"tdb-block-inner td-fix-index\">\n<p><em>Esta madrugada detectives de la Brigada de Homicidios La Serena concurren al sector Costa Milano de Coquimbo, tras un robo ocurrido en un domicilio que termin\u00f3 con disparos en contra del grupo familiar, impactos bal\u00edsticos que dejaron a una v\u00edctima fatal.<\/em><\/p>\n<p><span id=\"more-198379\"><\/span>\u201cPor instrucci\u00f3n del\u00a0<a title=\"\" href=\"https:\/\/www.fiscaliadechile.cl\/\" target=\"_blank\" rel=\"noopener\">Ministerio P\u00fablico<\/a>, personal de esta brigada especializada junto a peritos del Laboratorio de Criminal\u00edstica Regional desarrollan primeras diligencias por el homicidio de una mujer de 26 a\u00f1os, residente del inmueble que recibi\u00f3 un impacto bal\u00edstico. A esta hora estamos trabajando en el levantamiento de evidencias en el domicilio para establecer las circunstancias del delito y sus responsabilidades\u201d se\u00f1al\u00f3 el subprefecto Jos\u00e9 C\u00e1ceres jefe de la Brigada de Homicidios La Serena.<\/p>\n<p>Tambi\u00e9n otro integrante del grupo familiar result\u00f3 herido por impactos bal\u00edstico.<\/p>\n<p>Noticia\u00a0en\u00a0Desarrollo<\/p>\n<\/div>\n<\/div>\n<\/div>\n<\/div>\n<\/div>\n<\/div>\n","protected":false},"excerpt":{"rendered":"<p>Esta madrugada detectives de la Brigada de Homicidios La Serena concurren al sector Costa Milano de Coquimbo, tras un robo ocurrido en un domicilio que termin\u00f3 con disparos en contra del grupo familiar, impactos bal\u00edsticos que dejaron a una v\u00edctima fatal. \u201cPor instrucci\u00f3n del\u00a0Ministerio P\u00fablico, personal de esta brigada especializada junto a peritos del Laboratorio &hellip;<\/p>\n","protected":false},"author":2,"featured_media":9499,"comment_status":"closed","ping_status":"closed","sticky":false,"template":"","format":"standard","meta":{"footnotes":""},"categories":[2],"tags":[],"class_list":["post-9498","post","type-post","status-publish","format-standard","has-post-thumbnail","hentry","category-regionales"],"_links":{"self":[{"href":"https:\/\/www.elregional.cl\/index.php?rest_route=\/wp\/v2\/posts\/9498","targetHints":{"allow":["GET"]}}],"collection":[{"href":"https:\/\/www.elregional.cl\/index.php?rest_route=\/wp\/v2\/posts"}],"about":[{"href":"https:\/\/www.elregional.cl\/index.php?rest_route=\/wp\/v2\/types\/post"}],"author":[{"embeddable":true,"href":"https:\/\/www.elregional.cl\/index.php?rest_route=\/wp\/v2\/users\/2"}],"replies":[{"embeddable":true,"href":"https:\/\/www.elregional.cl\/index.php?rest_route=%2Fwp%2Fv2%2Fcomments&post=9498"}],"version-history":[{"count":1,"href":"https:\/\/www.elregional.cl\/index.php?rest_route=\/wp\/v2\/posts\/9498\/revisions"}],"predecessor-version":[{"id":9500,"href":"https:\/\/www.elregional.cl\/index.php?rest_route=\/wp\/v2\/posts\/9498\/revisions\/9500"}],"wp:featuredmedia":[{"embeddable":true,"href":"https:\/\/www.elregional.cl\/index.php?rest_route=\/wp\/v2\/media\/9499"}],"wp:attachment":[{"href":"https:\/\/www.elregional.cl\/index.php?rest_route=%2Fwp%2Fv2%2Fmedia&parent=9498"}],"wp:term":[{"taxonomy":"category","embeddable":true,"href":"https:\/\/www.elregional.cl\/index.php?rest_route=%2Fwp%2Fv2%2Fcategories&post=9498"},{"taxonomy":"post_tag","embeddable":true,"href":"https:\/\/www.elregional.cl\/index.php?rest_route=%2Fwp%2Fv2%2Ftags&post=9498"}],"curies":[{"name":"wp","href":"https:\/\/api.w.org\/{rel}","templated":true}]}}