{"id":955,"date":"2024-09-03T12:20:31","date_gmt":"2024-09-03T12:20:31","guid":{"rendered":"https:\/\/www.elregional.cl\/?p=955"},"modified":"2024-09-03T12:20:31","modified_gmt":"2024-09-03T12:20:31","slug":"entregan-25-nuevos-vehiculos-para-carabineros-de-la-region-de-coquimbo","status":"publish","type":"post","link":"https:\/\/www.elregional.cl\/?p=955","title":{"rendered":"Entregan 25 nuevos veh\u00edculos para Carabineros de la regi\u00f3n de Coquimbo."},"content":{"rendered":"<header id=\"theme-header\" class=\"theme-header header-layout-3 main-nav-dark main-nav-default-dark main-nav-below main-nav-boxed no-stream-item top-nav-active top-nav-dark top-nav-default-dark top-nav-above has-shadow has-normal-width-logo mobile-header-default\">\n<div class=\"container header-container\">\n<div class=\"tie-row logo-row\">\n<div class=\"logo-wrapper\">\n<div class=\"tie-col-md-4 logo-container clearfix default-behavior-mode fixed-nav\">\n<div id=\"mobile-header-components-area_1\" class=\"mobile-header-components\">\n<p>&nbsp;<\/p>\n<\/div>\n<\/div>\n<\/div>\n<\/div>\n<\/div>\n<\/header>\n<div id=\"content\" class=\"site-content container\">\n<div id=\"main-content-row\" class=\"tie-row main-content-row\">\n<div class=\"main-content tie-col-md-8 tie-col-xs-12\" role=\"main\">\n<article id=\"the-post\" class=\"container-wrapper post-content tie-standard\">\n<header class=\"entry-header-outer\">\n<div class=\"entry-header\">\n<div class=\"single-post-meta post-meta clearfix\"><span class=\"author-meta single-author with-avatars\"><span class=\"meta-item meta-author-wrapper meta-author-2\"><span class=\"meta-author-avatar\">\u00a0<\/span><\/span><\/span><strong>El Gobierno Regional concret\u00f3 la segunda entrega de veh\u00edculos para la instituci\u00f3n policial, a trav\u00e9s de 19 suburban 4\u00d74 y 6 retenes m\u00f3viles que ser\u00e1n destinados a catorce comunas de la regi\u00f3n.<\/strong><\/div>\n<\/div>\n<\/header>\n<div class=\"entry-content entry clearfix\">\n<p>En una acci\u00f3n considerada como una manifestaci\u00f3n tangible del compromiso del Gobierno Regional y sus consejeros con la seguridad en toda la regi\u00f3n, Carabineros Coquimbo recibi\u00f3 25 nuevos veh\u00edculos policiales, en una ceremonia que cont\u00f3 con la participaci\u00f3n de vecinos y alcaldes de las comunas beneficiadas.<\/p>\n<p>El refuerzo al parque automotor de la polic\u00eda uniformada -el segundo por parte del Gore- considera 19 suburban 4\u00d74 y seis retenes m\u00f3viles, que ser\u00e1n distribuidos en cada una de las seis Comisar\u00edas existentes en la regi\u00f3n, con una inversi\u00f3n cercana a los mil millones de pesos.<\/p>\n<p><strong>\u00abNosotros tenemos una cartera de proyectos de alrededor de $15.000 millones con Carabineros de Chile, que hoy d\u00eda est\u00e1 reflejado en la adquisici\u00f3n de un helic\u00f3ptero, ahora la llegada de estos 19 veh\u00edculos, m\u00e1s seis retenes policiales. Tambi\u00e9n hace muy poquito priorizamos junto al Consejo Regional la adquisici\u00f3n de 30 nuevos veh\u00edculos y estamos colaborando con algunas unidades de Carabineros como es el Gope y tambi\u00e9n estamos evaluando en nuestra divisi\u00f3n de planificaci\u00f3n otro proyecto ingresado por Carabineros para la unidad de Labocar. As\u00ed es que de verdad que estamos muy comprometidos con la seguridad\u00bb,<\/strong>\u00a0explic\u00f3 el Gobernador (s), Wladimir Pleticosic.<\/p>\n<p>Esta reciente entrega, considera autom\u00f3viles especialmente adaptados para las complejas tareas que deber\u00e1n realizar, enfocadas en reforzar la presencia en el territorio y entregar m\u00e1s seguridad tanto a la comunidad como a los propios carabineros durante los patrullajes.<\/p>\n<p>Elquigloblal.cl<\/p>\n<\/div>\n<\/article>\n<\/div>\n<\/div>\n<\/div>\n","protected":false},"excerpt":{"rendered":"<p>&nbsp; \u00a0El Gobierno Regional concret\u00f3 la segunda entrega de veh\u00edculos para la instituci\u00f3n policial, a trav\u00e9s de 19 suburban 4\u00d74 y 6 retenes m\u00f3viles que ser\u00e1n destinados a catorce comunas de la regi\u00f3n. En una acci\u00f3n considerada como una manifestaci\u00f3n tangible del compromiso del Gobierno Regional y sus consejeros con la seguridad en toda la &hellip;<\/p>\n","protected":false},"author":2,"featured_media":0,"comment_status":"closed","ping_status":"closed","sticky":false,"template":"","format":"standard","meta":{"footnotes":""},"categories":[2],"tags":[],"class_list":["post-955","post","type-post","status-publish","format-standard","hentry","category-regionales"],"_links":{"self":[{"href":"https:\/\/www.elregional.cl\/index.php?rest_route=\/wp\/v2\/posts\/955","targetHints":{"allow":["GET"]}}],"collection":[{"href":"https:\/\/www.elregional.cl\/index.php?rest_route=\/wp\/v2\/posts"}],"about":[{"href":"https:\/\/www.elregional.cl\/index.php?rest_route=\/wp\/v2\/types\/post"}],"author":[{"embeddable":true,"href":"https:\/\/www.elregional.cl\/index.php?rest_route=\/wp\/v2\/users\/2"}],"replies":[{"embeddable":true,"href":"https:\/\/www.elregional.cl\/index.php?rest_route=%2Fwp%2Fv2%2Fcomments&post=955"}],"version-history":[{"count":1,"href":"https:\/\/www.elregional.cl\/index.php?rest_route=\/wp\/v2\/posts\/955\/revisions"}],"predecessor-version":[{"id":957,"href":"https:\/\/www.elregional.cl\/index.php?rest_route=\/wp\/v2\/posts\/955\/revisions\/957"}],"wp:attachment":[{"href":"https:\/\/www.elregional.cl\/index.php?rest_route=%2Fwp%2Fv2%2Fmedia&parent=955"}],"wp:term":[{"taxonomy":"category","embeddable":true,"href":"https:\/\/www.elregional.cl\/index.php?rest_route=%2Fwp%2Fv2%2Fcategories&post=955"},{"taxonomy":"post_tag","embeddable":true,"href":"https:\/\/www.elregional.cl\/index.php?rest_route=%2Fwp%2Fv2%2Ftags&post=955"}],"curies":[{"name":"wp","href":"https:\/\/api.w.org\/{rel}","templated":true}]}}