{"id":9550,"date":"2025-09-13T16:15:49","date_gmt":"2025-09-13T16:15:49","guid":{"rendered":"https:\/\/www.elregional.cl\/?p=9550"},"modified":"2025-09-13T16:15:49","modified_gmt":"2025-09-13T16:15:49","slug":"a-traves-de-forado-sujetos-ingresan-a-cuartel-de-labocar-de-santiago-y-se-investiga-posible-robo","status":"publish","type":"post","link":"https:\/\/www.elregional.cl\/?p=9550","title":{"rendered":"A trav\u00e9s de forado: Sujetos ingresan a cuartel de Labocar de Santiago y se investiga posible robo"},"content":{"rendered":"<div class=\"div_titulo\">\n<h1 id=\"ucDetalle_TituloNoticia\"><\/h1>\n<\/div>\n<div id=\"ucDetalle_contNotDesa\" class=\"cont_nota_desarrollo\">\n<div class=\"cont_nota_des_f\"><span id=\"ucDetalle_textoDesarrollo\" class=\"cont_txt_nota_desarrollo\">NOTICIA<\/span><span class=\"cont_txt_nota_desarrollo cont_txt_nota_des_2\">EN DESARROLLO<\/span><\/div>\n<\/div>\n<div class=\"div_h2\">\n<h5 id=\"ucDetalle_BajadaNoticia\">Las autoridades confirmaron el hecho e informaron que los individuos habr\u00edan estado \u00abescasos minutos\u00bb en el recinto.<\/h5>\n<\/div>\n<div class=\"contenedor_social_emol\"><\/div>\n<div id=\"ucDetalle_CuerpoNoticia\" class=\"cuerpo_noticia cuerpo_noti_height_full\">El ministro de Seguridad P\u00fablica,<b>\u00a0Luis Cordero<\/b>, confirm\u00f3 que este s\u00e1bado sujetos ingresaron a un cuartel del Laboratorio de Criminal\u00edstica (Labocar) de Carabineros, ubicado en la comuna de Santiago, regi\u00f3n Metropolitana.<\/p>\n<div><\/div>\n<div>En di\u00e1logo con T13, el secretario de Estado comunic\u00f3 adem\u00e1s, que los individuos ingresaron\u00a0<b>\u00abpor un inmueble adyacente\u00bb<\/b>\u00a0y se est\u00e1 evaluando \u00ablo que pudo haber sido objeto de sustracci\u00f3n\u00bb.<\/div>\n<div><\/div>\n<div>\u00abEn estos momentos se encuentran desplegados todos los medios bajo las instrucciones del Ministerio P\u00fablico,\u00a0<b>adem\u00e1s de las investigaciones internas que se est\u00e1n realizando\u00bb,<\/b>\u00a0complement\u00f3.<\/div>\n<div><\/div>\n<div>Cordero expuso adicionalmente que\u00a0<b>\u00abhay registros\u00bb<\/b>\u00a0de lo ocurrido y que no tienen antecedentes respecto a robo de armas, por ahora.<\/div>\n<div><\/div>\n<div>En cuanto a lo \u00faltimo se refiri\u00f3 tambi\u00e9n el director de Control Drogas e Investigaci\u00f3n Criminal, general\u00a0<b>Jaime Velasco<\/b>: \u00abPor el momento no hay sustracci\u00f3n de armamento de fuego. No obstante, vamos a tener que efectuar una revisi\u00f3n minuciosa y detallada de cada uno de los elementos existentes en el laboratorio\u00bb.<\/div>\n<div><\/div>\n<div>\u00abM\u00e1s all\u00e1 de las armas, un laboratorio puede tener distintos tipos de elementos existentes, por eso necesitamos, una vez que trabajen los equipos periciales en el lugar,\u00a0<b>realizar la revisi\u00f3n de un catastro de cada una de las cosas existentes\u00bb,<\/b>\u00a0explic\u00f3.<\/div>\n<div><\/div>\n<div>Por otra parte, revel\u00f3 que los individuos entraron a trav\u00e9s de un \u00abforado\u00bb y \u00abpor todos los elementos que hemos podido analizar,\u00a0<b>deber\u00edan haber estado escasos minutos tratando de sustraer alg\u00fan elemento\u00bb.<\/b><\/div>\n<div><b>\u00a0<\/b><\/div>\n<div>El fiscal<b>\u00a0Cristi\u00e1n Meneses<\/b>, de la Fiscal\u00eda Centro Norte, mencion\u00f3 por su lado que \u00abel ingreso, seg\u00fan las c\u00e1maras de seguridad, se habr\u00eda producido pasadas las 7:30 horas, por lo tanto desde ah\u00ed yo indico que son pocos los momentos que estuvieron dentro de la dependencia\u00bb.<\/div>\n<\/div>\n","protected":false},"excerpt":{"rendered":"<p>NOTICIAEN DESARROLLO Las autoridades confirmaron el hecho e informaron que los individuos habr\u00edan estado \u00abescasos minutos\u00bb en el recinto. El ministro de Seguridad P\u00fablica,\u00a0Luis Cordero, confirm\u00f3 que este s\u00e1bado sujetos ingresaron a un cuartel del Laboratorio de Criminal\u00edstica (Labocar) de Carabineros, ubicado en la comuna de Santiago, regi\u00f3n Metropolitana. En di\u00e1logo con T13, el secretario &hellip;<\/p>\n","protected":false},"author":2,"featured_media":9551,"comment_status":"closed","ping_status":"closed","sticky":false,"template":"","format":"standard","meta":{"footnotes":""},"categories":[3],"tags":[],"class_list":["post-9550","post","type-post","status-publish","format-standard","has-post-thumbnail","hentry","category-pais"],"_links":{"self":[{"href":"https:\/\/www.elregional.cl\/index.php?rest_route=\/wp\/v2\/posts\/9550","targetHints":{"allow":["GET"]}}],"collection":[{"href":"https:\/\/www.elregional.cl\/index.php?rest_route=\/wp\/v2\/posts"}],"about":[{"href":"https:\/\/www.elregional.cl\/index.php?rest_route=\/wp\/v2\/types\/post"}],"author":[{"embeddable":true,"href":"https:\/\/www.elregional.cl\/index.php?rest_route=\/wp\/v2\/users\/2"}],"replies":[{"embeddable":true,"href":"https:\/\/www.elregional.cl\/index.php?rest_route=%2Fwp%2Fv2%2Fcomments&post=9550"}],"version-history":[{"count":1,"href":"https:\/\/www.elregional.cl\/index.php?rest_route=\/wp\/v2\/posts\/9550\/revisions"}],"predecessor-version":[{"id":9552,"href":"https:\/\/www.elregional.cl\/index.php?rest_route=\/wp\/v2\/posts\/9550\/revisions\/9552"}],"wp:featuredmedia":[{"embeddable":true,"href":"https:\/\/www.elregional.cl\/index.php?rest_route=\/wp\/v2\/media\/9551"}],"wp:attachment":[{"href":"https:\/\/www.elregional.cl\/index.php?rest_route=%2Fwp%2Fv2%2Fmedia&parent=9550"}],"wp:term":[{"taxonomy":"category","embeddable":true,"href":"https:\/\/www.elregional.cl\/index.php?rest_route=%2Fwp%2Fv2%2Fcategories&post=9550"},{"taxonomy":"post_tag","embeddable":true,"href":"https:\/\/www.elregional.cl\/index.php?rest_route=%2Fwp%2Fv2%2Ftags&post=9550"}],"curies":[{"name":"wp","href":"https:\/\/api.w.org\/{rel}","templated":true}]}}