{"id":96,"date":"2024-07-24T20:49:20","date_gmt":"2024-07-24T20:49:20","guid":{"rendered":"https:\/\/www.elregional.cl\/?p=96"},"modified":"2024-07-24T20:50:05","modified_gmt":"2024-07-24T20:50:05","slug":"hasta-donde-y-hasta-cuando-roban-a-bomberos-equpos-desde-una-unidad-de-materiales-peligrosos-h-2","status":"publish","type":"post","link":"https:\/\/www.elregional.cl\/?p=96","title":{"rendered":"HASTA D\u00d3NDE Y HASTA CUANDO ROBAN A BOMBEROS EQUIPOS DESDE UNA UNIDAD DE MATERIALES PELIGROSOS H-2"},"content":{"rendered":"<p>Es lamentable tener que dar a conocer este tipo de noticias pero un individuo sustrajo especies desde una Unidad del Cuerpo de bomberos de Coquimbo mientras este estaba estacionado a la espera para salir\u00a0 a un cometido, el individuo sustrajo desde el carro especies de su equipamiento de atenci\u00f3n a la comunidad de Coquimbo.<\/p>\n<p>tras este lamentable hecho delictual al percatarse uno de lo bomberos dio aviso a sus compa\u00f1eros y tras dar aviso a la polic\u00eda uniformada \u00e9stos siguieron a este ladr\u00f3n logrando darle alcance y recuperando las especies\u00a0 sustra\u00eddas y el ladr\u00f3n a la capacha. hacemos un llamado a la comunidad local a denunciar estos hechos ya que utensilios que se usan a diario en el bien de la comunidad Local.<\/p>\n","protected":false},"excerpt":{"rendered":"<p>Es lamentable tener que dar a conocer este tipo de noticias pero un individuo sustrajo especies desde una Unidad del Cuerpo de bomberos de Coquimbo mientras este estaba estacionado a la espera para salir\u00a0 a un cometido, el individuo sustrajo desde el carro especies de su equipamiento de atenci\u00f3n a la comunidad de Coquimbo. tras &hellip;<\/p>\n","protected":false},"author":2,"featured_media":0,"comment_status":"closed","ping_status":"closed","sticky":false,"template":"","format":"standard","meta":{"footnotes":""},"categories":[3,2],"tags":[],"class_list":["post-96","post","type-post","status-publish","format-standard","hentry","category-pais","category-regionales"],"_links":{"self":[{"href":"https:\/\/www.elregional.cl\/index.php?rest_route=\/wp\/v2\/posts\/96","targetHints":{"allow":["GET"]}}],"collection":[{"href":"https:\/\/www.elregional.cl\/index.php?rest_route=\/wp\/v2\/posts"}],"about":[{"href":"https:\/\/www.elregional.cl\/index.php?rest_route=\/wp\/v2\/types\/post"}],"author":[{"embeddable":true,"href":"https:\/\/www.elregional.cl\/index.php?rest_route=\/wp\/v2\/users\/2"}],"replies":[{"embeddable":true,"href":"https:\/\/www.elregional.cl\/index.php?rest_route=%2Fwp%2Fv2%2Fcomments&post=96"}],"version-history":[{"count":2,"href":"https:\/\/www.elregional.cl\/index.php?rest_route=\/wp\/v2\/posts\/96\/revisions"}],"predecessor-version":[{"id":99,"href":"https:\/\/www.elregional.cl\/index.php?rest_route=\/wp\/v2\/posts\/96\/revisions\/99"}],"wp:attachment":[{"href":"https:\/\/www.elregional.cl\/index.php?rest_route=%2Fwp%2Fv2%2Fmedia&parent=96"}],"wp:term":[{"taxonomy":"category","embeddable":true,"href":"https:\/\/www.elregional.cl\/index.php?rest_route=%2Fwp%2Fv2%2Fcategories&post=96"},{"taxonomy":"post_tag","embeddable":true,"href":"https:\/\/www.elregional.cl\/index.php?rest_route=%2Fwp%2Fv2%2Ftags&post=96"}],"curies":[{"name":"wp","href":"https:\/\/api.w.org\/{rel}","templated":true}]}}