{"id":9613,"date":"2025-09-14T01:12:26","date_gmt":"2025-09-14T01:12:26","guid":{"rendered":"https:\/\/www.elregional.cl\/?p=9613"},"modified":"2025-09-14T01:12:26","modified_gmt":"2025-09-14T01:12:26","slug":"ohiggins-derroto-a-palestino-y-le-dejo-en-bandeja-el-titulo-a-coquimbo","status":"publish","type":"post","link":"https:\/\/www.elregional.cl\/?p=9613","title":{"rendered":"O\u2019Higgins derrot\u00f3 a Palestino y le dej\u00f3 en bandeja el t\u00edtulo a Coquimbo"},"content":{"rendered":"<p><main class=\"container pt-4 custom-single-post-style\"><\/p>\n<div class=\"row\">\n<div class=\"col-md-10 mx-auto\">\n<nav aria-label=\"breadcrumb\">&nbsp;<\/p>\n<\/nav>\n<article id=\"post-437542\" class=\"post-type-post\">\n<section class=\"article-content\">\n<div class=\"article-body\">\n<p><a href=\"https:\/\/www.alairelibre.cl\/futbol\/campeonato-nacional\/palestino-vs-ohiggins-en-vivo-cuando-a-que-hora-y-donde-ver-por-el-campeonato-nacional-2025\/\"><strong>O\u2019Higgins derrot\u00f3 por 2-1 a Palestino<\/strong><\/a>\u00a0de visita en el estadio Municipal de La Cisterna, duelo que le permiti\u00f3 a los Celestes quedar omo nuevos subl\u00edderes con 41 puntos.<\/p>\n<p><strong>La escuadra rancag\u00fcina qued\u00f3 a 15 puntos del puntero\u00a0<a href=\"https:\/\/www.alairelibre.cl\/futbol\/campeonato-nacional\/coquimbo-gana-partido-infartante-acaricia-corona-campeonato-nacional\/\">Coquimbo Unido<\/a>, elenco que extendi\u00f3 su ventaja<\/strong>\u00a0con sus perseguidores y est\u00e1 cada vez m\u00e1s cerca de ser campe\u00f3n.<\/p>\n<h2 class=\"wp-block-heading\">\u26bd Los goles de Palestino vs O\u2019Higgins por el Campeonato Nacional 2025<\/h2>\n<p>O\u2019Higgins anot\u00f3 sus dos conquistas gracias a Maximiliano Romero, en los 7\u2019 y 67 minutos de juego, demostrando su gran aporte como refuerzo en este segundo semestre.<\/p>\n<p>Palestino descont\u00f3 en los 70\u2019 a trav\u00e9s de Joe Abrigo, pero el envi\u00f3n no alcanz\u00f3 para conseguir el empate.<\/p>\n<h2 class=\"wp-block-heading\">\ud83c\udfc6 O&#8217;Higgins en zona de Copa Libertadores<\/h2>\n<p>Con este resultado, O&#8217;Higgins queda en zona de clasificaci\u00f3n directa a la Copa Libertadores 2026.<\/p>\n<p>No obstante, U de Chile est\u00e1 tres puntos abajo y tiene dos partidos menos, por lo que tiene chances de sobrepasar a los Celestes en caso de ganar ambos compromisos.<\/p>\n<p>Cooperativa.cl<\/p>\n<\/div>\n<\/section>\n<\/article>\n<\/div>\n<\/div>\n<p><\/main><\/p>\n","protected":false},"excerpt":{"rendered":"<p>&nbsp; O\u2019Higgins derrot\u00f3 por 2-1 a Palestino\u00a0de visita en el estadio Municipal de La Cisterna, duelo que le permiti\u00f3 a los Celestes quedar omo nuevos subl\u00edderes con 41 puntos. La escuadra rancag\u00fcina qued\u00f3 a 15 puntos del puntero\u00a0Coquimbo Unido, elenco que extendi\u00f3 su ventaja\u00a0con sus perseguidores y est\u00e1 cada vez m\u00e1s cerca de ser campe\u00f3n. &hellip;<\/p>\n","protected":false},"author":2,"featured_media":9614,"comment_status":"closed","ping_status":"closed","sticky":false,"template":"","format":"standard","meta":{"footnotes":""},"categories":[5],"tags":[],"class_list":["post-9613","post","type-post","status-publish","format-standard","has-post-thumbnail","hentry","category-deportes"],"_links":{"self":[{"href":"https:\/\/www.elregional.cl\/index.php?rest_route=\/wp\/v2\/posts\/9613","targetHints":{"allow":["GET"]}}],"collection":[{"href":"https:\/\/www.elregional.cl\/index.php?rest_route=\/wp\/v2\/posts"}],"about":[{"href":"https:\/\/www.elregional.cl\/index.php?rest_route=\/wp\/v2\/types\/post"}],"author":[{"embeddable":true,"href":"https:\/\/www.elregional.cl\/index.php?rest_route=\/wp\/v2\/users\/2"}],"replies":[{"embeddable":true,"href":"https:\/\/www.elregional.cl\/index.php?rest_route=%2Fwp%2Fv2%2Fcomments&post=9613"}],"version-history":[{"count":1,"href":"https:\/\/www.elregional.cl\/index.php?rest_route=\/wp\/v2\/posts\/9613\/revisions"}],"predecessor-version":[{"id":9615,"href":"https:\/\/www.elregional.cl\/index.php?rest_route=\/wp\/v2\/posts\/9613\/revisions\/9615"}],"wp:featuredmedia":[{"embeddable":true,"href":"https:\/\/www.elregional.cl\/index.php?rest_route=\/wp\/v2\/media\/9614"}],"wp:attachment":[{"href":"https:\/\/www.elregional.cl\/index.php?rest_route=%2Fwp%2Fv2%2Fmedia&parent=9613"}],"wp:term":[{"taxonomy":"category","embeddable":true,"href":"https:\/\/www.elregional.cl\/index.php?rest_route=%2Fwp%2Fv2%2Fcategories&post=9613"},{"taxonomy":"post_tag","embeddable":true,"href":"https:\/\/www.elregional.cl\/index.php?rest_route=%2Fwp%2Fv2%2Ftags&post=9613"}],"curies":[{"name":"wp","href":"https:\/\/api.w.org\/{rel}","templated":true}]}}