{"id":9665,"date":"2025-09-15T04:09:47","date_gmt":"2025-09-15T04:09:47","guid":{"rendered":"https:\/\/www.elregional.cl\/?p=9665"},"modified":"2025-09-15T04:09:47","modified_gmt":"2025-09-15T04:09:47","slug":"sebastien-ogier-se-llevo-la-gloria-en-el-rally-chile-biobio","status":"publish","type":"post","link":"https:\/\/www.elregional.cl\/?p=9665","title":{"rendered":"S\u00e9bastien Ogier se llev\u00f3 la gloria en el Rally Chile Biob\u00edo"},"content":{"rendered":"<header class=\"single-new__header\">\n<h1 class=\"single-new__title\"><\/h1>\n<p>La cuarta edici\u00f3n del Rally Chile Biob\u00edo estaba destinada a hacer historia, y a la hora de la verdad respondi\u00f3 a todas las expectativas, ya que la 11\u00aa prueba v\u00e1lida por el Campeonato Mundial 2025, termin\u00f3 con resultados hist\u00f3ricos, merced al triunfo de S\u00e9bastien Ogier en la categor\u00eda estelar y al t\u00edtulo mundial conseguido por [\u2026]\n<\/header>\n<div class=\"single-new__body\">\n<div class=\"wp-block-image\">\n<figure class=\"aligncenter size-full\"><\/figure>\n<\/div>\n<p>La cuarta edici\u00f3n del\u00a0<strong>Rally Chile Biob\u00edo<\/strong>\u00a0estaba destinada a hacer historia, y a la hora de la verdad respondi\u00f3 a todas las expectativas, ya que la 11\u00aa prueba v\u00e1lida por el Campeonato Mundial 2025, termin\u00f3 con resultados hist\u00f3ricos, merced al triunfo de\u00a0<strong>S\u00e9bastien Ogier\u00a0<\/strong>en la categor\u00eda estelar y al t\u00edtulo mundial conseguido por\u00a0<strong>Oliver Solberg<\/strong>\u00a0en el WRC2.<\/p>\n<p>Miles de espectadores fueron testigos de un domingo de rally vibrante, con un cielo azul inmaculado en la Regi\u00f3n del Biob\u00edo que permiti\u00f3 una vista privilegiada de los autos, especialmente en el tramo de Biob\u00edo, donde se presenciaron saltos de gran envergadura, similares a los que se aprecian en otras fechas mundialistas como\u00a0<strong>Portugal\u00a0<\/strong>y\u00a0<strong>Finlandia<\/strong>.<\/p>\n<p>La \u00faltima etapa de competencia, denominada Super Sunday, comenz\u00f3 con solo seis segundos de diferencia entre los punteros S\u00e9bastien Ogier y\u00a0<strong>Elfyn Evans<\/strong>, lo que auguraba un duelo al rojo vivo entre los pilotos de\u00a0<strong>Toyota<\/strong>.<\/p>\n<p>El brit\u00e1nico Evans empuj\u00f3 fuerte y marc\u00f3 excelentes cronos en los tramos de\u00a0<strong>Laraquete<\/strong>\u00a0y\u00a0<strong>Biob\u00edo<\/strong>, pero Ogier expuso sus credenciales de ocho veces campe\u00f3n del mundo, no solamente aguantando la presi\u00f3n de su coequipo de Toyota, sino que, adem\u00e1s llev\u00e1ndose el primer puesto, sumando as\u00ed puntos extras producto de su triunfo en la etapa y su victoria en el\u00a0<em>Power Stage<\/em>.<\/p>\n<p>Cabe destacar que esta victoria, la n\u00famero 66 en la carrera de Ogier en el WRC, tiene un valor muy especial para el franc\u00e9s, ya que la consigui\u00f3 en su rally n\u00famero 200 como piloto mundialista, todo un hito que quedar\u00e1 marcado como uno de los<em>\u00a0highlights\u00a0<\/em>memorables de la historia del Rally Chile Biob\u00edo.<\/p>\n<p>Por el lado de Hyundai, la marca coreana consigui\u00f3 un buen tercer puesto con\u00a0<strong>Adrien Fourmaux<\/strong>\u00a0y el cuarto con el campe\u00f3n mundial reinante\u00a0<strong>Thierry Neuville<\/strong>, una cosecha de todos modos exigua considerando que\u00a0<strong>Ott T\u00e4nak<\/strong>, hasta la falla de motor que lo afect\u00f3 en el tramo 6 del viernes, estaba con claras opciones de aspirar a la victoria.<\/p>\n<\/div>\n","protected":false},"excerpt":{"rendered":"<p>La cuarta edici\u00f3n del Rally Chile Biob\u00edo estaba destinada a hacer historia, y a la hora de la verdad respondi\u00f3 a todas las expectativas, ya que la 11\u00aa prueba v\u00e1lida por el Campeonato Mundial 2025, termin\u00f3 con resultados hist\u00f3ricos, merced al triunfo de S\u00e9bastien Ogier en la categor\u00eda estelar y al t\u00edtulo mundial conseguido por &hellip;<\/p>\n","protected":false},"author":2,"featured_media":9666,"comment_status":"closed","ping_status":"closed","sticky":false,"template":"","format":"standard","meta":{"footnotes":""},"categories":[5],"tags":[],"class_list":["post-9665","post","type-post","status-publish","format-standard","has-post-thumbnail","hentry","category-deportes"],"_links":{"self":[{"href":"https:\/\/www.elregional.cl\/index.php?rest_route=\/wp\/v2\/posts\/9665","targetHints":{"allow":["GET"]}}],"collection":[{"href":"https:\/\/www.elregional.cl\/index.php?rest_route=\/wp\/v2\/posts"}],"about":[{"href":"https:\/\/www.elregional.cl\/index.php?rest_route=\/wp\/v2\/types\/post"}],"author":[{"embeddable":true,"href":"https:\/\/www.elregional.cl\/index.php?rest_route=\/wp\/v2\/users\/2"}],"replies":[{"embeddable":true,"href":"https:\/\/www.elregional.cl\/index.php?rest_route=%2Fwp%2Fv2%2Fcomments&post=9665"}],"version-history":[{"count":1,"href":"https:\/\/www.elregional.cl\/index.php?rest_route=\/wp\/v2\/posts\/9665\/revisions"}],"predecessor-version":[{"id":9667,"href":"https:\/\/www.elregional.cl\/index.php?rest_route=\/wp\/v2\/posts\/9665\/revisions\/9667"}],"wp:featuredmedia":[{"embeddable":true,"href":"https:\/\/www.elregional.cl\/index.php?rest_route=\/wp\/v2\/media\/9666"}],"wp:attachment":[{"href":"https:\/\/www.elregional.cl\/index.php?rest_route=%2Fwp%2Fv2%2Fmedia&parent=9665"}],"wp:term":[{"taxonomy":"category","embeddable":true,"href":"https:\/\/www.elregional.cl\/index.php?rest_route=%2Fwp%2Fv2%2Fcategories&post=9665"},{"taxonomy":"post_tag","embeddable":true,"href":"https:\/\/www.elregional.cl\/index.php?rest_route=%2Fwp%2Fv2%2Ftags&post=9665"}],"curies":[{"name":"wp","href":"https:\/\/api.w.org\/{rel}","templated":true}]}}