{"id":9774,"date":"2025-09-20T03:58:37","date_gmt":"2025-09-20T03:58:37","guid":{"rendered":"https:\/\/www.elregional.cl\/?p=9774"},"modified":"2025-09-20T03:58:37","modified_gmt":"2025-09-20T03:58:37","slug":"conductor-boliviano-intento-sobornar-a-carabineros-en-control-vehicular-en-ovalle","status":"publish","type":"post","link":"https:\/\/www.elregional.cl\/?p=9774","title":{"rendered":"Conductor boliviano intent\u00f3 sobornar a carabineros en control vehicular en Ovalle"},"content":{"rendered":"<div class=\"td-post-header\">\n<header class=\"td-post-title\">\n<div class=\"td-module-meta-info\"><\/div>\n<\/header>\n<\/div>\n<div class=\"td-post-content\">\n<div class=\"td-post-sharing td-post-sharing-top\">\n<div class=\"td-default-sharing\"><i class=\"td-icon-facebook\"><\/i>\u00a0<i class=\"td-icon-twitter\"><\/i>\u00a0<i class=\"td-icon-googleplus\"><\/i>\u00a0<i class=\"td-icon-pinterest\"><\/i>\u00a0<i class=\"td-icon-whatsapp\"><\/i><\/div>\n<\/div>\n<p><em><strong>La tarde del 18 de septiembre de 2025, cerca de las 17:20 horas, personal de Carabineros del ret\u00e9n Cerrillos de Tamaya efectuaba un control vehicular en la ruta D-505, a la altura del kil\u00f3metro 17, sector de la localidad de La Torre, comuna de Ovalle, cuando un conductor intent\u00f3 sobornar a los uniformados.<\/strong><\/em><\/p>\n<p>Se trat\u00f3 de un joven boliviano, identificado con las iniciales\u00a0<strong>B.V.L., de 22 a\u00f1os<\/strong>, quien conduc\u00eda un\u00a0<strong>minib\u00fas<\/strong>\u00a0sin portar licencia de conducir. Al momento de ser fiscalizado, el sujeto ofreci\u00f3 a los carabineros la suma de\u00a0<strong>20 mil pesos en efectivo<\/strong>\u00a0con el fin de evitar la infracci\u00f3n.<\/p>\n<p>El intento de cohecho fue inmediatamente rechazado por los funcionarios policiales, quienes procedieron a la detenci\u00f3n del individuo y a informar de los hechos al Ministerio P\u00fablico.<\/p>\n<p>Carabineros reiter\u00f3 que este tipo de conductas constituyen un\u00a0<strong>delito de cohecho<\/strong>, sancionado por la legislaci\u00f3n chilena, y llam\u00f3 a los conductores a respetar la normativa vigente para garantizar la seguridad vial durante las celebraciones de\u00a0<strong>Fiestas Patrias<\/strong>.<\/p>\n<p>DavidNoticias.cl<\/p>\n<\/div>\n","protected":false},"excerpt":{"rendered":"<p>\u00a0\u00a0\u00a0\u00a0 La tarde del 18 de septiembre de 2025, cerca de las 17:20 horas, personal de Carabineros del ret\u00e9n Cerrillos de Tamaya efectuaba un control vehicular en la ruta D-505, a la altura del kil\u00f3metro 17, sector de la localidad de La Torre, comuna de Ovalle, cuando un conductor intent\u00f3 sobornar a los uniformados. Se &hellip;<\/p>\n","protected":false},"author":2,"featured_media":9775,"comment_status":"closed","ping_status":"closed","sticky":false,"template":"","format":"standard","meta":{"footnotes":""},"categories":[2],"tags":[],"class_list":["post-9774","post","type-post","status-publish","format-standard","has-post-thumbnail","hentry","category-regionales"],"_links":{"self":[{"href":"https:\/\/www.elregional.cl\/index.php?rest_route=\/wp\/v2\/posts\/9774","targetHints":{"allow":["GET"]}}],"collection":[{"href":"https:\/\/www.elregional.cl\/index.php?rest_route=\/wp\/v2\/posts"}],"about":[{"href":"https:\/\/www.elregional.cl\/index.php?rest_route=\/wp\/v2\/types\/post"}],"author":[{"embeddable":true,"href":"https:\/\/www.elregional.cl\/index.php?rest_route=\/wp\/v2\/users\/2"}],"replies":[{"embeddable":true,"href":"https:\/\/www.elregional.cl\/index.php?rest_route=%2Fwp%2Fv2%2Fcomments&post=9774"}],"version-history":[{"count":1,"href":"https:\/\/www.elregional.cl\/index.php?rest_route=\/wp\/v2\/posts\/9774\/revisions"}],"predecessor-version":[{"id":9776,"href":"https:\/\/www.elregional.cl\/index.php?rest_route=\/wp\/v2\/posts\/9774\/revisions\/9776"}],"wp:featuredmedia":[{"embeddable":true,"href":"https:\/\/www.elregional.cl\/index.php?rest_route=\/wp\/v2\/media\/9775"}],"wp:attachment":[{"href":"https:\/\/www.elregional.cl\/index.php?rest_route=%2Fwp%2Fv2%2Fmedia&parent=9774"}],"wp:term":[{"taxonomy":"category","embeddable":true,"href":"https:\/\/www.elregional.cl\/index.php?rest_route=%2Fwp%2Fv2%2Fcategories&post=9774"},{"taxonomy":"post_tag","embeddable":true,"href":"https:\/\/www.elregional.cl\/index.php?rest_route=%2Fwp%2Fv2%2Ftags&post=9774"}],"curies":[{"name":"wp","href":"https:\/\/api.w.org\/{rel}","templated":true}]}}