{"id":9811,"date":"2025-09-20T10:01:56","date_gmt":"2025-09-20T10:01:56","guid":{"rendered":"https:\/\/www.elregional.cl\/?p=9811"},"modified":"2025-09-20T10:01:56","modified_gmt":"2025-09-20T10:01:56","slug":"bolivia-aprueba-una-historica-ley-que-prohibe-sin-excepciones-el-matrimonio-con-menores-de-18-anos","status":"publish","type":"post","link":"https:\/\/www.elregional.cl\/?p=9811","title":{"rendered":"Bolivia aprueba una hist\u00f3rica ley que proh\u00edbe sin excepciones el matrimonio con menores de 18 a\u00f1os"},"content":{"rendered":"<figure class=\"bbc-1qn0xuy\">\n<div class=\"bbc-17ytifv\">\n<p class=\"bbc-by8ykd\" role=\"text\">\n<\/div>\n<\/figure>\n<div class=\"bbc-19j92fr ebmt73l0\" dir=\"ltr\">\n<p class=\"bbc-hhl7in e17g058b0\" dir=\"ltr\"><b>BBC<\/b><\/p>\n<p class=\"bbc-hhl7in e17g058b0\" dir=\"ltr\"><b>Mar\u00eda* ten\u00eda 14 a\u00f1os cuando sus padres le recomendaron casarse con un hombre con el doble de su edad. Poco despu\u00e9s qued\u00f3 embarazada, el parto se complic\u00f3 y su marido se march\u00f3, dej\u00e1ndola sola con el reci\u00e9n nacido.<\/b><\/p>\n<\/div>\n<div class=\"bbc-19j92fr ebmt73l0\" dir=\"ltr\">\n<p class=\"bbc-hhl7in e17g058b0\" dir=\"ltr\">El C\u00f3digo de las Familias que reg\u00eda en Bolivia establec\u00eda los 18 a\u00f1os como edad m\u00ednima para casarse, pero permit\u00eda que adolescentes de 16 y 17 a\u00f1os contrajeran matrimonio con autorizaci\u00f3n de sus padres o tutores.<\/p>\n<\/div>\n<div class=\"bbc-19j92fr ebmt73l0\" dir=\"ltr\">\n<p class=\"bbc-hhl7in e17g058b0\" dir=\"ltr\">Este mi\u00e9rcoles, la C\u00e1mara de Diputados aprob\u00f3 una ley que elimina toda excepci\u00f3n para el matrimonio de menores de edad.<\/p>\n<\/div>\n<div class=\"bbc-19j92fr ebmt73l0\" dir=\"ltr\">\n<p class=\"bbc-hhl7in e17g058b0\" dir=\"ltr\">\u00abEs un hecho hist\u00f3rico que implica un paso enorme y fundamental en la defensa de los derechos de los ni\u00f1os, ni\u00f1as y adolescentes en Bolivia\u00bb, sostuvo Jimena Tito, de la organizaci\u00f3n\u00a0<i class=\"bbc-h1y5j7 eih42320\">Save the Children,\u00a0<\/i>en conversaci\u00f3n desde La Paz con BBC Mundo.<\/p>\n<\/div>\n","protected":false},"excerpt":{"rendered":"<p>BBC Mar\u00eda* ten\u00eda 14 a\u00f1os cuando sus padres le recomendaron casarse con un hombre con el doble de su edad. Poco despu\u00e9s qued\u00f3 embarazada, el parto se complic\u00f3 y su marido se march\u00f3, dej\u00e1ndola sola con el reci\u00e9n nacido. El C\u00f3digo de las Familias que reg\u00eda en Bolivia establec\u00eda los 18 a\u00f1os como edad m\u00ednima &hellip;<\/p>\n","protected":false},"author":2,"featured_media":9812,"comment_status":"closed","ping_status":"closed","sticky":false,"template":"","format":"standard","meta":{"footnotes":""},"categories":[4],"tags":[],"class_list":["post-9811","post","type-post","status-publish","format-standard","has-post-thumbnail","hentry","category-mundo"],"_links":{"self":[{"href":"https:\/\/www.elregional.cl\/index.php?rest_route=\/wp\/v2\/posts\/9811","targetHints":{"allow":["GET"]}}],"collection":[{"href":"https:\/\/www.elregional.cl\/index.php?rest_route=\/wp\/v2\/posts"}],"about":[{"href":"https:\/\/www.elregional.cl\/index.php?rest_route=\/wp\/v2\/types\/post"}],"author":[{"embeddable":true,"href":"https:\/\/www.elregional.cl\/index.php?rest_route=\/wp\/v2\/users\/2"}],"replies":[{"embeddable":true,"href":"https:\/\/www.elregional.cl\/index.php?rest_route=%2Fwp%2Fv2%2Fcomments&post=9811"}],"version-history":[{"count":1,"href":"https:\/\/www.elregional.cl\/index.php?rest_route=\/wp\/v2\/posts\/9811\/revisions"}],"predecessor-version":[{"id":9813,"href":"https:\/\/www.elregional.cl\/index.php?rest_route=\/wp\/v2\/posts\/9811\/revisions\/9813"}],"wp:featuredmedia":[{"embeddable":true,"href":"https:\/\/www.elregional.cl\/index.php?rest_route=\/wp\/v2\/media\/9812"}],"wp:attachment":[{"href":"https:\/\/www.elregional.cl\/index.php?rest_route=%2Fwp%2Fv2%2Fmedia&parent=9811"}],"wp:term":[{"taxonomy":"category","embeddable":true,"href":"https:\/\/www.elregional.cl\/index.php?rest_route=%2Fwp%2Fv2%2Fcategories&post=9811"},{"taxonomy":"post_tag","embeddable":true,"href":"https:\/\/www.elregional.cl\/index.php?rest_route=%2Fwp%2Fv2%2Ftags&post=9811"}],"curies":[{"name":"wp","href":"https:\/\/api.w.org\/{rel}","templated":true}]}}