{"id":9820,"date":"2025-09-20T11:19:15","date_gmt":"2025-09-20T11:19:15","guid":{"rendered":"https:\/\/www.elregional.cl\/?p=9820"},"modified":"2025-09-20T11:19:15","modified_gmt":"2025-09-20T11:19:15","slug":"chileno-gana-prestigioso-premio-audubon-photography-awards-por-foto-de-un-martin-pescador","status":"publish","type":"post","link":"https:\/\/www.elregional.cl\/?p=9820","title":{"rendered":"Chileno gana prestigioso premio \u201cAudubon Photography Awards\u201d por foto de un Mart\u00edn Pescador"},"content":{"rendered":"<h1 class=\"u-ff-cnn-sans-display u-fw-700\"><\/h1>\n<p class=\"epigraph\">Es la primera vez que un chileno gana el m\u00e1ximo galard\u00f3n del certamen, que celebra la belleza de las aves y promueve su conservaci\u00f3n frente a la crisis clim\u00e1tica y la p\u00e9rdida de biodiversidad.<ins class=\"adsbygoogle\" data-ad-client=\"ca-pub-7457155067339021\" data-ad-slot=\"9975574979\" data-adsbygoogle-status=\"done\" data-auto-ad-size=\"true\" data-ad-status=\"filled\"><\/ins><\/p>\n<hr \/>\n<div>\n<p>El fot\u00f3grafo chileno Felipe Toledo Alarc\u00f3n se llev\u00f3 el Gran Premio\u00a0<strong><em>Audubon Photography Awards<\/em><\/strong>, uno de los concursos de fotograf\u00eda de naturaleza m\u00e1s prestigiosos del mundo.<\/p>\n<p>Su obra captur\u00f3 en Valdivia el momento exacto en que un mart\u00edn pescador emerge del agua con fuerza y elegancia.<\/p>\n<div>\n<div class=\"trv-player-container\">\n<div class=\"powered-main\">\n<div class=\"powered-by\"><\/div>\n<\/div>\n<\/div>\n<\/div>\n<p>\u201cDespu\u00e9s de que el ave realiz\u00f3 seis inmersiones, obtuve la imagen que hab\u00eda estado persiguiendo: un\u00a0<strong>mart\u00edn pescador elev\u00e1ndose explosivamente del agua, mostrando su belleza, elegancia y poder<\/strong>\u201d, cont\u00f3 Toledo.<\/p>\n<div>\n<div class=\"the-banner\">\n<div class=\"rtb_slot loaded\">\n<div id=\"ad_slot_4\" class=\"ad_slot\" data-google-query-id=\"CM_5kJyb548DFXlV3QIdmAgLYA\">\n<div id=\"google_ads_iframe_\/99911224\/cnnchile\/note_4__container__\"><\/div>\n<\/div>\n<\/div>\n<\/div>\n<\/div>\n<p>Es la primera vez que un chileno gana el m\u00e1ximo galard\u00f3n del certamen, que celebra la belleza de las aves y promueve su conservaci\u00f3n frente a la crisis clim\u00e1tica y la p\u00e9rdida de biodiversidad.<\/p>\n<\/div>\n","protected":false},"excerpt":{"rendered":"<p>Es la primera vez que un chileno gana el m\u00e1ximo galard\u00f3n del certamen, que celebra la belleza de las aves y promueve su conservaci\u00f3n frente a la crisis clim\u00e1tica y la p\u00e9rdida de biodiversidad. El fot\u00f3grafo chileno Felipe Toledo Alarc\u00f3n se llev\u00f3 el Gran Premio\u00a0Audubon Photography Awards, uno de los concursos de fotograf\u00eda de naturaleza &hellip;<\/p>\n","protected":false},"author":2,"featured_media":9821,"comment_status":"closed","ping_status":"closed","sticky":false,"template":"","format":"standard","meta":{"footnotes":""},"categories":[4],"tags":[],"class_list":["post-9820","post","type-post","status-publish","format-standard","has-post-thumbnail","hentry","category-mundo"],"_links":{"self":[{"href":"https:\/\/www.elregional.cl\/index.php?rest_route=\/wp\/v2\/posts\/9820","targetHints":{"allow":["GET"]}}],"collection":[{"href":"https:\/\/www.elregional.cl\/index.php?rest_route=\/wp\/v2\/posts"}],"about":[{"href":"https:\/\/www.elregional.cl\/index.php?rest_route=\/wp\/v2\/types\/post"}],"author":[{"embeddable":true,"href":"https:\/\/www.elregional.cl\/index.php?rest_route=\/wp\/v2\/users\/2"}],"replies":[{"embeddable":true,"href":"https:\/\/www.elregional.cl\/index.php?rest_route=%2Fwp%2Fv2%2Fcomments&post=9820"}],"version-history":[{"count":1,"href":"https:\/\/www.elregional.cl\/index.php?rest_route=\/wp\/v2\/posts\/9820\/revisions"}],"predecessor-version":[{"id":9822,"href":"https:\/\/www.elregional.cl\/index.php?rest_route=\/wp\/v2\/posts\/9820\/revisions\/9822"}],"wp:featuredmedia":[{"embeddable":true,"href":"https:\/\/www.elregional.cl\/index.php?rest_route=\/wp\/v2\/media\/9821"}],"wp:attachment":[{"href":"https:\/\/www.elregional.cl\/index.php?rest_route=%2Fwp%2Fv2%2Fmedia&parent=9820"}],"wp:term":[{"taxonomy":"category","embeddable":true,"href":"https:\/\/www.elregional.cl\/index.php?rest_route=%2Fwp%2Fv2%2Fcategories&post=9820"},{"taxonomy":"post_tag","embeddable":true,"href":"https:\/\/www.elregional.cl\/index.php?rest_route=%2Fwp%2Fv2%2Ftags&post=9820"}],"curies":[{"name":"wp","href":"https:\/\/api.w.org\/{rel}","templated":true}]}}