{"id":9912,"date":"2025-09-23T14:04:13","date_gmt":"2025-09-23T14:04:13","guid":{"rendered":"https:\/\/www.elregional.cl\/?p=9912"},"modified":"2025-09-23T14:04:13","modified_gmt":"2025-09-23T14:04:13","slug":"alejandro-tabilo-derrota-al-9-de-la-atp-y-se-consagra-campeon-en-china","status":"publish","type":"post","link":"https:\/\/www.elregional.cl\/?p=9912","title":{"rendered":"Alejandro Tabilo derrota al 9 de la ATP y se consagra Campe\u00f3n en China"},"content":{"rendered":"<h1>\u00a1\u00a1TABILO CAMPEEEEEEEEEE\u00d3N!!!!<\/h1>\n<div class=\"div_article_content\"><b>6-3, 2-6 y 7-6 (5): Impresionante lo de Tabilo.<\/b>\u00a0Todo en contra, pero con un pundonor incre\u00edble logra llevarse un partido incre\u00edble. Salv\u00f3 dos match points, despu\u00e9s en el tie break final iba 4-1 abajo&#8230;\u00a0<b>Pero nada de eso import\u00f3 para ganar un duelo y T\u00cdTULO inolvidable.<\/b><\/div>\n","protected":false},"excerpt":{"rendered":"<p>\u00a1\u00a1TABILO CAMPEEEEEEEEEE\u00d3N!!!! 6-3, 2-6 y 7-6 (5): Impresionante lo de Tabilo.\u00a0Todo en contra, pero con un pundonor incre\u00edble logra llevarse un partido incre\u00edble. Salv\u00f3 dos match points, despu\u00e9s en el tie break final iba 4-1 abajo&#8230;\u00a0Pero nada de eso import\u00f3 para ganar un duelo y T\u00cdTULO inolvidable.<\/p>\n","protected":false},"author":2,"featured_media":9913,"comment_status":"closed","ping_status":"closed","sticky":false,"template":"","format":"standard","meta":{"footnotes":""},"categories":[5],"tags":[],"class_list":["post-9912","post","type-post","status-publish","format-standard","has-post-thumbnail","hentry","category-deportes"],"_links":{"self":[{"href":"https:\/\/www.elregional.cl\/index.php?rest_route=\/wp\/v2\/posts\/9912","targetHints":{"allow":["GET"]}}],"collection":[{"href":"https:\/\/www.elregional.cl\/index.php?rest_route=\/wp\/v2\/posts"}],"about":[{"href":"https:\/\/www.elregional.cl\/index.php?rest_route=\/wp\/v2\/types\/post"}],"author":[{"embeddable":true,"href":"https:\/\/www.elregional.cl\/index.php?rest_route=\/wp\/v2\/users\/2"}],"replies":[{"embeddable":true,"href":"https:\/\/www.elregional.cl\/index.php?rest_route=%2Fwp%2Fv2%2Fcomments&post=9912"}],"version-history":[{"count":1,"href":"https:\/\/www.elregional.cl\/index.php?rest_route=\/wp\/v2\/posts\/9912\/revisions"}],"predecessor-version":[{"id":9914,"href":"https:\/\/www.elregional.cl\/index.php?rest_route=\/wp\/v2\/posts\/9912\/revisions\/9914"}],"wp:featuredmedia":[{"embeddable":true,"href":"https:\/\/www.elregional.cl\/index.php?rest_route=\/wp\/v2\/media\/9913"}],"wp:attachment":[{"href":"https:\/\/www.elregional.cl\/index.php?rest_route=%2Fwp%2Fv2%2Fmedia&parent=9912"}],"wp:term":[{"taxonomy":"category","embeddable":true,"href":"https:\/\/www.elregional.cl\/index.php?rest_route=%2Fwp%2Fv2%2Fcategories&post=9912"},{"taxonomy":"post_tag","embeddable":true,"href":"https:\/\/www.elregional.cl\/index.php?rest_route=%2Fwp%2Fv2%2Ftags&post=9912"}],"curies":[{"name":"wp","href":"https:\/\/api.w.org\/{rel}","templated":true}]}}