{"id":9997,"date":"2025-09-26T16:23:44","date_gmt":"2025-09-26T16:23:44","guid":{"rendered":"https:\/\/www.elregional.cl\/?p=9997"},"modified":"2025-09-26T16:23:44","modified_gmt":"2025-09-26T16:23:44","slug":"chile-celebrara-por-quinto-ano-consecutivo-el-dia-de-las-aves-rapaces","status":"publish","type":"post","link":"https:\/\/www.elregional.cl\/?p=9997","title":{"rendered":"Chile celebrar\u00e1 por quinto a\u00f1o consecutivo el D\u00eda de las Aves Rapaces"},"content":{"rendered":"<header class=\"main-single__header\">\n<h1 class=\"main-single__title | common:margin-bottom-25\"><span style=\"font-size: 16px; font-weight: 400;\">La iniciativa, impulsada por la ONG Aves Rapaces de Chile, busca destacar la importancia ecol\u00f3gica de 27 especies de depredadores alados.<\/span><\/h1>\n<\/header>\n<div class=\"main-single__body\">\n<div class=\"main-single__socials main-single-socials | common:margin-bottom-20\">\n<div class=\"main-single-socials__body\"><\/div>\n<\/div>\n<div class=\"main-single__text main-single-text\">\n<p>En un esfuerzo por conscientizar sobre las aves rapaces y su aporte al ecosistema, cada 29 de septiembre Chile conmemora el\u00a0<strong>D\u00eda de las Aves Rapaces.<\/strong>\u00a0Esta iniciativa, impulsada por la\u00a0<a href=\"https:\/\/www.avesrapacesdechile.cl\/\">ONG Aves Rapaces de Chile<\/a>, extender\u00e1 por quinto a\u00f1o consecutivo las actividades educativas en la Regi\u00f3n Metropolitana y del Biob\u00edo.<\/p>\n<p>En la capital, el\u00a0<a href=\"https:\/\/web.uchile.cl\/campus\/cantumapu.htm\">Campus Antumapu de la Universidad de Chile<\/a>\u00a0ser\u00e1 el escenario de un ciclo de charlas y una feria de stands. La actividad es\u00a0<strong>gratuita y abierta a la comunidad<\/strong>,\u00a0<a href=\"https:\/\/docs.google.com\/forms\/d\/e\/1FAIpQLScT_YhaWYoBimfvIZXWMpWMTkByP-Zo2J9bBd9JTWZcHAXTQQ\/viewform\">con inscripci\u00f3n previa para las charlas.<\/a><\/p>\n<p>Mientras que, en la Regi\u00f3n del Biob\u00edo, la\u00a0<a href=\"https:\/\/www.unab.cl\/universidad\/facultades-centros-e-institutos\/\">Universidad Andr\u00e9s Bello de Talcahuano<\/a>\u00a0contar\u00e1 con<strong>\u00a0\u00abLas Rapaces Forestales\u00bb<\/strong>, una charla educativa dirigida a todo p\u00fablico.<\/p>\n<h4 class=\"ng-star-inserted\"><span class=\"ng-star-inserted\">Especies clave para el ecosistema<\/span><\/h4>\n<p>Con un total de 27 especies, que van desde halcones y b\u00fahos hasta buitres, estos centinelas del ecosistema chileno son fundamentales para la salud ambiental frente a amenazas persistentes como la destrucci\u00f3n de su h\u00e1bitat y la caza ilegal.\u00a0<span class=\"ng-star-inserted\">Su rol como mitigadoras de focos infecciosos al consumir carro\u00f1a y su capacidad para\u00a0<strong>evitar la transmisi\u00f3n de enfermedades<\/strong>\u00a0como el Hantavirus al depredar roedores, subrayan su valor incalculable.<\/span><\/p>\n<p class=\"ng-star-inserted\">Estas aves no solo act\u00faan\u00a0<span class=\"ng-star-inserted\">como indicadores clave de la biodiversidad y la calidad ambiental, sino que tambi\u00e9n contribuyen significativamente al equilibrio natural. Mediante la depredaci\u00f3n selectiva de ejemplares viejos, enfermos o d\u00e9biles,\u00a0<strong>promueven la selecci\u00f3n natural<\/strong>, un proceso vital para la fortaleza de las poblaciones.<\/span><\/p>\n<p class=\"ng-star-inserted\"><span class=\"ng-star-inserted\">Aves Rapaces de Chile naci\u00f3 en 2014 como una p\u00e1gina de Facebook, consolid\u00e1ndose como ONG en 2018. Desde entonces,\u00a0<\/span><span class=\"ng-star-inserted\">ha trabajado por la protecci\u00f3n de estas especies. Actualmente, es presidida por Kevin Arriagada, y busca aportar con educaci\u00f3n ambiental, el\u00a0<strong>rescate de rapaces heridas<\/strong>\u00a0(al n\u00famero de contacto +569 56610157) y el desarrollo de investigaci\u00f3n cient\u00edfica.<\/span><\/p>\n<p class=\"ng-star-inserted\"><span class=\"ng-star-inserted\">A pesar de estar protegidas por la Ley de Caza 19.473, las rapaces chilenas enfrentan graves amenazas como la destrucci\u00f3n de su h\u00e1bitat, la persecuci\u00f3n, la caza, el tr\u00e1fico y la tenencia ilegal. Es por ello que, en 2022, la ONG dio un paso crucial al presentar un proyecto de ley en el Congreso Nacional, en colaboraci\u00f3n con el Diputado Alejandro Bernales Maldonado, para\u00a0<strong>declarar oficialmente el 29 de septiembre<\/strong>\u00a0como el D\u00eda de las Aves Rapaces<\/span><\/p>\n<\/div>\n<\/div>\n","protected":false},"excerpt":{"rendered":"<p>La iniciativa, impulsada por la ONG Aves Rapaces de Chile, busca destacar la importancia ecol\u00f3gica de 27 especies de depredadores alados. En un esfuerzo por conscientizar sobre las aves rapaces y su aporte al ecosistema, cada 29 de septiembre Chile conmemora el\u00a0D\u00eda de las Aves Rapaces.\u00a0Esta iniciativa, impulsada por la\u00a0ONG Aves Rapaces de Chile, extender\u00e1 &hellip;<\/p>\n","protected":false},"author":2,"featured_media":9998,"comment_status":"closed","ping_status":"closed","sticky":false,"template":"","format":"standard","meta":{"footnotes":""},"categories":[3],"tags":[],"class_list":["post-9997","post","type-post","status-publish","format-standard","has-post-thumbnail","hentry","category-pais"],"_links":{"self":[{"href":"https:\/\/www.elregional.cl\/index.php?rest_route=\/wp\/v2\/posts\/9997","targetHints":{"allow":["GET"]}}],"collection":[{"href":"https:\/\/www.elregional.cl\/index.php?rest_route=\/wp\/v2\/posts"}],"about":[{"href":"https:\/\/www.elregional.cl\/index.php?rest_route=\/wp\/v2\/types\/post"}],"author":[{"embeddable":true,"href":"https:\/\/www.elregional.cl\/index.php?rest_route=\/wp\/v2\/users\/2"}],"replies":[{"embeddable":true,"href":"https:\/\/www.elregional.cl\/index.php?rest_route=%2Fwp%2Fv2%2Fcomments&post=9997"}],"version-history":[{"count":1,"href":"https:\/\/www.elregional.cl\/index.php?rest_route=\/wp\/v2\/posts\/9997\/revisions"}],"predecessor-version":[{"id":9999,"href":"https:\/\/www.elregional.cl\/index.php?rest_route=\/wp\/v2\/posts\/9997\/revisions\/9999"}],"wp:featuredmedia":[{"embeddable":true,"href":"https:\/\/www.elregional.cl\/index.php?rest_route=\/wp\/v2\/media\/9998"}],"wp:attachment":[{"href":"https:\/\/www.elregional.cl\/index.php?rest_route=%2Fwp%2Fv2%2Fmedia&parent=9997"}],"wp:term":[{"taxonomy":"category","embeddable":true,"href":"https:\/\/www.elregional.cl\/index.php?rest_route=%2Fwp%2Fv2%2Fcategories&post=9997"},{"taxonomy":"post_tag","embeddable":true,"href":"https:\/\/www.elregional.cl\/index.php?rest_route=%2Fwp%2Fv2%2Ftags&post=9997"}],"curies":[{"name":"wp","href":"https:\/\/api.w.org\/{rel}","templated":true}]}}